{"id":205218,"date":"2026-04-27T10:48:21","date_gmt":"2026-04-27T10:48:21","guid":{"rendered":"https:\/\/golfm.com.br\/?p=205218"},"modified":"2026-04-27T10:48:22","modified_gmt":"2026-04-27T10:48:22","slug":"guarda-redes-do-saragoca-agride-adversario-apos-expulsao-em-derbi","status":"publish","type":"post","link":"https:\/\/golfm.com.br\/?p=205218","title":{"rendered":"Guarda-redes do Sarago\u00e7a agride advers\u00e1rio ap\u00f3s expuls\u00e3o em d\u00e9rbi"},"content":{"rendered":"\n<p>Esteban Andrada, guarda-redes do Sarago\u00e7a, protagonizou um momento de viol\u00eancia inaceit\u00e1vel no d\u00e9rbi aragon\u00eas contra o Huesca. Expulso nos descontos do jogo da 37\u00aa rodada da Segunda Liga espanhola, o argentino agrediu o capit\u00e3o advers\u00e1rio Jorge Pulido com um soco na cara, gerando confus\u00e3o generalizada entre os jogadores.<\/p>\n\n\n\n<p>Em v\u00eddeo publicado pelo clube, Andrada assumiu total responsabilidade e pediu desculpas a Pulido, lamentando a imagem negativa e afirmando que a a\u00e7\u00e3o &#8216;n\u00e3o faz parte do seu percurso&#8217;. O jogador declarou estar preparado para enfrentar as consequ\u00eancias disciplinares.<\/p>\n\n\n\n<p>O Sarago\u00e7a e o Huesca emitiram comunicados condenando firmemente o incidente. O Sarago\u00e7a destacou que tal comportamento &#8216;n\u00e3o representa&#8217; os valores hist\u00f3ricos do clube de esp\u00edrito desportivo e respeito, prometendo analisar os acontecimentos e tomar medidas disciplinares adequadas. O Huesca refor\u00e7ou que a\u00e7\u00f5es desta natureza s\u00e3o &#8216;incompat\u00edveis com os valores do desporto&#8217; e aceitou o pedido de desculpas do rival.<\/p>\n\n\n\n<p>O jogo terminou com vit\u00f3ria do Huesca por 1-0, agravando a situa\u00e7\u00e3o do Sarago\u00e7a na luta pela perman\u00eancia. Com cinco jornadas restantes, ambas as equipas permanecem sob forte press\u00e3o na zona de descida da classifica\u00e7\u00e3o.<\/p>\n\n\n\n<p><\/p>\n","protected":false},"excerpt":{"rendered":"<p>Andrada soca capit\u00e3o do Huesca em cena violenta. Clubes condenam ato e lamentam imagem negativa para o futebol aragon\u00eas.<\/p>\n","protected":false},"author":75,"featured_media":205219,"comment_status":"closed","ping_status":"closed","sticky":false,"template":"","format":"standard","meta":{"footnotes":""},"categories":[164],"tags":[174],"class_list":["post-205218","post","type-post","status-publish","format-standard","has-post-thumbnail","hentry","category-futebol-internacional","tag-esteban-andrada"],"acf":[],"_links":{"self":[{"href":"https:\/\/golfm.com.br\/index.php?rest_route=\/wp\/v2\/posts\/205218","targetHints":{"allow":["GET"]}}],"collection":[{"href":"https:\/\/golfm.com.br\/index.php?rest_route=\/wp\/v2\/posts"}],"about":[{"href":"https:\/\/golfm.com.br\/index.php?rest_route=\/wp\/v2\/types\/post"}],"author":[{"embeddable":true,"href":"https:\/\/golfm.com.br\/index.php?rest_route=\/wp\/v2\/users\/75"}],"replies":[{"embeddable":true,"href":"https:\/\/golfm.com.br\/index.php?rest_route=%2Fwp%2Fv2%2Fcomments&post=205218"}],"version-history":[{"count":1,"href":"https:\/\/golfm.com.br\/index.php?rest_route=\/wp\/v2\/posts\/205218\/revisions"}],"predecessor-version":[{"id":205220,"href":"https:\/\/golfm.com.br\/index.php?rest_route=\/wp\/v2\/posts\/205218\/revisions\/205220"}],"wp:featuredmedia":[{"embeddable":true,"href":"https:\/\/golfm.com.br\/index.php?rest_route=\/wp\/v2\/media\/205219"}],"wp:attachment":[{"href":"https:\/\/golfm.com.br\/index.php?rest_route=%2Fwp%2Fv2%2Fmedia&parent=205218"}],"wp:term":[{"taxonomy":"category","embeddable":true,"href":"https:\/\/golfm.com.br\/index.php?rest_route=%2Fwp%2Fv2%2Fcategories&post=205218"},{"taxonomy":"post_tag","embeddable":true,"href":"https:\/\/golfm.com.br\/index.php?rest_route=%2Fwp%2Fv2%2Ftags&post=205218"}],"curies":[{"name":"wp","href":"https:\/\/api.w.org\/{rel}","templated":true}]}}