{"id":205215,"date":"2026-04-27T10:26:52","date_gmt":"2026-04-27T10:26:52","guid":{"rendered":"https:\/\/golfm.com.br\/?p=205215"},"modified":"2026-04-27T10:26:53","modified_gmt":"2026-04-27T10:26:53","slug":"xavi-simons-fora-da-copa-de-2026-por-lesao-grave-no-joelho","status":"publish","type":"post","link":"https:\/\/golfm.com.br\/?p=205215","title":{"rendered":"Xavi Simons fora da Copa de 2026 por les\u00e3o grave no joelho"},"content":{"rendered":"\n<p>O futebolista <strong>Xavi Simons<\/strong>, meia do <strong>Tottenham<\/strong> e da sele\u00e7\u00e3o holandesa, confirmou que vai perder a <strong>Copa do Mundo de 2026<\/strong> devido a uma grave les\u00e3o no joelho direito. A not\u00edcia foi divulgada pelo pr\u00f3prio jogador no domingo, atrav\u00e9s das suas redes sociais.<\/p>\n\n\n\n<p>&#8220;A minha temporada acabou abruptamente. Estou de cora\u00e7\u00e3o partido. Nada disto faz sentido. S\u00f3 queria lutar pela minha equipa. De repente, isso foi-me retirado assim como o Campeonato do Mundo. A hip\u00f3tese de representar o meu pa\u00eds desapareceu do nada&#8221;, escreveu Simons na sua p\u00e1gina oficial do Instagram.<\/p>\n\n\n\n<p>O atleta de 23 anos sofreu a les\u00e3o durante o jogo do Tottenham contra o Wolverhampton, pela Liga Inglesa, no s\u00e1bado. A confirma\u00e7\u00e3o da aus\u00eancia no pr\u00f3ximo Mundial representa um duro golpe, j\u00e1 que seria a sua primeira participa\u00e7\u00e3o no torneio.<\/p>\n\n\n\n<p>Apesar da juventude, Simons tem j\u00e1 34 jogos e seis golos pela sele\u00e7\u00e3o dos Pa\u00edses Baixos, tendo participado em todos os encontros de qualifica\u00e7\u00e3o sob o comando do t\u00e9cnico Ronald Koeman.<\/p>\n\n\n\n<p>Na Copa de 2026, os holandeses est\u00e3o inseridos no Grupo F, onde enfrentar\u00e3o Jap\u00e3o, Su\u00e9cia e Tun\u00edsia. A 23\u00aa edi\u00e7\u00e3o do Mundial, que conta com a presen\u00e7a de Portugal, ser\u00e1 realizada entre 11 de junho e 19 de julho, nos Estados Unidos, Canad\u00e1 e M\u00e9xico, e contar\u00e1, pela primeira vez, com 48 sele\u00e7\u00f5es.<\/p>\n","protected":false},"excerpt":{"rendered":"<p>Meia do Tottenham e da Holanda rompe sil\u00eancio ap\u00f3s sa\u00edda em jogo: &#8220;Estou de cora\u00e7\u00e3o partido. Nada disto faz sentido&#8221;<\/p>\n","protected":false},"author":75,"featured_media":205216,"comment_status":"closed","ping_status":"closed","sticky":false,"template":"","format":"standard","meta":{"footnotes":""},"categories":[164],"tags":[173,172],"class_list":["post-205215","post","type-post","status-publish","format-standard","has-post-thumbnail","hentry","category-futebol-internacional","tag-copa-do-mundo","tag-xavi-simons"],"acf":[],"_links":{"self":[{"href":"https:\/\/golfm.com.br\/index.php?rest_route=\/wp\/v2\/posts\/205215","targetHints":{"allow":["GET"]}}],"collection":[{"href":"https:\/\/golfm.com.br\/index.php?rest_route=\/wp\/v2\/posts"}],"about":[{"href":"https:\/\/golfm.com.br\/index.php?rest_route=\/wp\/v2\/types\/post"}],"author":[{"embeddable":true,"href":"https:\/\/golfm.com.br\/index.php?rest_route=\/wp\/v2\/users\/75"}],"replies":[{"embeddable":true,"href":"https:\/\/golfm.com.br\/index.php?rest_route=%2Fwp%2Fv2%2Fcomments&post=205215"}],"version-history":[{"count":1,"href":"https:\/\/golfm.com.br\/index.php?rest_route=\/wp\/v2\/posts\/205215\/revisions"}],"predecessor-version":[{"id":205217,"href":"https:\/\/golfm.com.br\/index.php?rest_route=\/wp\/v2\/posts\/205215\/revisions\/205217"}],"wp:featuredmedia":[{"embeddable":true,"href":"https:\/\/golfm.com.br\/index.php?rest_route=\/wp\/v2\/media\/205216"}],"wp:attachment":[{"href":"https:\/\/golfm.com.br\/index.php?rest_route=%2Fwp%2Fv2%2Fmedia&parent=205215"}],"wp:term":[{"taxonomy":"category","embeddable":true,"href":"https:\/\/golfm.com.br\/index.php?rest_route=%2Fwp%2Fv2%2Fcategories&post=205215"},{"taxonomy":"post_tag","embeddable":true,"href":"https:\/\/golfm.com.br\/index.php?rest_route=%2Fwp%2Fv2%2Ftags&post=205215"}],"curies":[{"name":"wp","href":"https:\/\/api.w.org\/{rel}","templated":true}]}}