{"id":203657,"date":"2026-04-11T12:43:59","date_gmt":"2026-04-11T11:43:59","guid":{"rendered":"https:\/\/golo.fm\/?p=203657"},"modified":"2026-04-11T12:43:59","modified_gmt":"2026-04-11T11:43:59","slug":"conmebol-abre-processo-disciplinar-a-renato-gaucho-por-ausencia-na-estreia-do-vasco-na-sul-americana","status":"publish","type":"post","link":"https:\/\/golfm.com.br\/?p=203657","title":{"rendered":"CONMEBOL abre processo disciplinar a Renato Ga\u00facho por aus\u00eancia na estreia do Vasco na Sul-Americana"},"content":{"rendered":"\n<p>A CONMEBOL abriu um processo disciplinar a Renato Ga\u00facho, treinador do Vasco da Gama, na sequ\u00eancia da sua aus\u00eancia na desloca\u00e7\u00e3o \u00e0 Argentina para o jogo frente ao Barracas Central, na estreia da equipa na Ta\u00e7a Sul-Americana.<\/p>\n\n\n\n<p>Em vez de viajar com o plantel, o t\u00e9cnico ficou no Brasil e a equipa foi orientada no terreno pelo adjunto Marcelo Salles. O encontro terminou sem golos, com o Vasco a apresentar uma forma\u00e7\u00e3o alternativa.<\/p>\n\n\n\n<p>O organismo sul-americano entende que a situa\u00e7\u00e3o pode levantar quest\u00f5es disciplinares ao abrigo do artigo 11.\u00ba do seu regulamento, relacionado com princ\u00edpios de conduta. Em causa est\u00e1 a possibilidade de o comportamento do treinador n\u00e3o respeitar as normas esperadas no contexto competitivo e de afetar a imagem da competi\u00e7\u00e3o.<\/p>\n\n\n\n<p>O caso ganhou ainda mais aten\u00e7\u00e3o devido \u00e0s altera\u00e7\u00f5es na inscri\u00e7\u00e3o da equipa t\u00e9cnica. O clube chegou a pedir a substitui\u00e7\u00e3o de Renato Ga\u00facho por Bruno Lazaroni na ficha de jogo, mas voltou depois a repor o nome do treinador principal.<\/p>\n\n\n\n<p>H\u00e1 tamb\u00e9m elementos que est\u00e3o a ser analisados pela CONMEBOL, incluindo imagens do treinador a acompanhar o jogo \u00e0 dist\u00e2ncia, o que levanta d\u00favidas sobre a impossibilidade da sua desloca\u00e7\u00e3o.<\/p>\n\n\n\n<p>O Vasco justificou a decis\u00e3o com a necessidade de gerir o esfor\u00e7o do plantel, tendo em conta o calend\u00e1rio exigente entre competi\u00e7\u00f5es nacionais e internacionais. O presidente do clube, Pedrinho, afirmou que a op\u00e7\u00e3o foi tomada em conjunto e com foco na condi\u00e7\u00e3o f\u00edsica dos jogadores.<\/p>\n\n\n\n<p>O clube brasileiro tem agora at\u00e9 ao dia 15 para apresentar a sua defesa, podendo o processo resultar em san\u00e7\u00f5es como advert\u00eancia ou multa.<\/p>\n\n\n\n<p><\/p>\n","protected":false},"excerpt":{"rendered":"<p>A CONMEBOL abriu um processo disciplinar a Renato Ga\u00facho, treinador do Vasco da Gama, na sequ\u00eancia da sua aus\u00eancia na desloca\u00e7\u00e3o \u00e0 Argentina para o jogo frente ao Barracas Central, na estreia da equipa na Ta\u00e7a Sul-Americana. Em vez de viajar com o plantel, o t\u00e9cnico ficou no Brasil e a equipa foi orientada no [&hellip;]<\/p>\n","protected":false},"author":51,"featured_media":203663,"comment_status":"open","ping_status":"open","sticky":false,"template":"","format":"standard","meta":{"footnotes":""},"categories":[22],"tags":[],"class_list":["post-203657","post","type-post","status-publish","format-standard","has-post-thumbnail","hentry","category-futebol"],"acf":[],"_links":{"self":[{"href":"https:\/\/golfm.com.br\/index.php?rest_route=\/wp\/v2\/posts\/203657","targetHints":{"allow":["GET"]}}],"collection":[{"href":"https:\/\/golfm.com.br\/index.php?rest_route=\/wp\/v2\/posts"}],"about":[{"href":"https:\/\/golfm.com.br\/index.php?rest_route=\/wp\/v2\/types\/post"}],"author":[{"embeddable":true,"href":"https:\/\/golfm.com.br\/index.php?rest_route=\/wp\/v2\/users\/51"}],"replies":[{"embeddable":true,"href":"https:\/\/golfm.com.br\/index.php?rest_route=%2Fwp%2Fv2%2Fcomments&post=203657"}],"version-history":[{"count":0,"href":"https:\/\/golfm.com.br\/index.php?rest_route=\/wp\/v2\/posts\/203657\/revisions"}],"wp:featuredmedia":[{"embeddable":true,"href":"https:\/\/golfm.com.br\/index.php?rest_route=\/wp\/v2\/media\/203663"}],"wp:attachment":[{"href":"https:\/\/golfm.com.br\/index.php?rest_route=%2Fwp%2Fv2%2Fmedia&parent=203657"}],"wp:term":[{"taxonomy":"category","embeddable":true,"href":"https:\/\/golfm.com.br\/index.php?rest_route=%2Fwp%2Fv2%2Fcategories&post=203657"},{"taxonomy":"post_tag","embeddable":true,"href":"https:\/\/golfm.com.br\/index.php?rest_route=%2Fwp%2Fv2%2Ftags&post=203657"}],"curies":[{"name":"wp","href":"https:\/\/api.w.org\/{rel}","templated":true}]}}