{"id":203639,"date":"2026-04-11T10:56:55","date_gmt":"2026-04-11T09:56:55","guid":{"rendered":"https:\/\/golo.fm\/?p=203639"},"modified":"2026-04-11T10:56:55","modified_gmt":"2026-04-11T09:56:55","slug":"extremo-argentino-quebra-silencio-sobre-a-sua-saida-do-manchester-united","status":"publish","type":"post","link":"https:\/\/golfm.com.br\/?p=203639","title":{"rendered":"Extremo argentino quebra sil\u00eancio sobre a sua sa\u00edda do Manchester United"},"content":{"rendered":"\n<p>Alejandro Garnacho quebrou o sil\u00eancio sobre a sua sa\u00edda do Manchester United, reconhecendo que o processo foi emocionalmente dif\u00edcil e admitindo que tamb\u00e9m teve responsabilidade no desfecho. O extremo argentino, agora ao servi\u00e7o do Chelsea ap\u00f3s uma transfer\u00eancia de 45 milh\u00f5es de euros no \u00faltimo ver\u00e3o, confessou ter cometido erros durante o per\u00edodo em que R\u00faben Amorim orientava a equipa.<\/p>\n\n\n\n<p>A passagem do jogador de 21 anos por Manchester terminou num ambiente tenso, na sequ\u00eancia de um conflito muito medi\u00e1tico com o treinador portugu\u00eas. Garnacho tornou-se uma das figuras de maior instabilidade no balne\u00e1rio, recorrendo v\u00e1rias vezes \u00e0s redes sociais para manifestar o seu descontentamento, o que acabou por acelerar a decis\u00e3o do clube em autorizar a sua mudan\u00e7a para Stamford Bridge.<\/p>\n\n\n\n<p>Numa entrevista \u00e0 Premier League, o internacional argentino fez uma reflex\u00e3o sobre os meses que antecederam a sua transfer\u00eancia para Londres. \u201cLembro-me de que, na \u00faltima meia d\u00fazia de meses no Manchester United, n\u00e3o estava a jogar ao meu n\u00edvel habitual. Passei a ficar mais vezes no banco, o que, embora n\u00e3o seja algo negativo tendo em conta que tinha 20 anos, na minha cabe\u00e7a eu achava que tinha de jogar sempre\u201d, explicou.<\/p>\n\n\n\n<p>O jogador assumiu tamb\u00e9m que parte dos problemas surgiu devido \u00e0s suas pr\u00f3prias atitudes, incluindo publica\u00e7\u00f5es nas redes sociais. \u201cTalvez a culpa tamb\u00e9m tenha sido minha, comecei a fazer algumas coisas erradas. Mas pronto, foi uma fase da vida e \u00e0s vezes temos de tomar decis\u00f5es. Estou orgulhoso por continuar na Premier League, num clube deste n\u00edvel\u201d, acrescentou.<\/p>\n\n\n\n<p>Apesar do final complicado, que incluiu publica\u00e7\u00f5es provocat\u00f3rias feitas pelo seu irm\u00e3o e o pr\u00f3prio jogador a ser visto com uma camisola do Aston Villa com o nome de Marcus Rashford, Garnacho garante que n\u00e3o guarda ressentimentos. Quando questionado se a sa\u00edda de Old Trafford o magoou, respondeu afirmativamente: \u201cSim, talvez sim, porque eu amava aquele clube. Deram-me confian\u00e7a desde o in\u00edcio, quando cheguei de Espanha para a forma\u00e7\u00e3o, depois para a equipa principal. Foram quatro ou cinco anos com um enorme carinho de todos, dos adeptos e do est\u00e1dio. Tudo era muito bom.\u201d<\/p>\n\n\n\n<p>Ainda assim, o extremo considera que a mudan\u00e7a foi necess\u00e1ria. \u201cPor vezes temos de mudar para o bem da nossa vida ou para dar o pr\u00f3ximo passo. S\u00f3 levo boas mem\u00f3rias do Manchester United\u201d, concluiu.<\/p>\n\n\n\n<p>A adapta\u00e7\u00e3o ao Chelsea, contudo, n\u00e3o tem sido f\u00e1cil. Com dificuldades em impor-se sob o comando de Liam Rosenior, que sucedeu a Enzo Maresca em janeiro, Garnacho tem somado poucos minutos e marcou apenas um golo na Premier League esta temporada. A quebra de rendimento j\u00e1 levanta d\u00favidas sobre o investimento avultado feito pelo clube londrino, que o contratou at\u00e9 2032.<\/p>\n\n\n\n<p>Esta fase menos positiva j\u00e1 despertou o interesse de outros clubes. Surgiram relatos de um poss\u00edvel empr\u00e9stimo, com o treinador do River Plate, Eduardo Coudet, alegadamente a ter contactado o jogador para discutir uma ced\u00eancia por uma \u00e9poca, um cen\u00e1rio que seria dif\u00edcil de imaginar h\u00e1 dois anos, quando era visto como uma das maiores promessas do Manchester United.<\/p>\n","protected":false},"excerpt":{"rendered":"<p>Alejandro Garnacho quebrou o sil\u00eancio sobre a sua sa\u00edda do Manchester United, reconhecendo que o processo foi emocionalmente dif\u00edcil e admitindo que tamb\u00e9m teve responsabilidade no desfecho. O extremo argentino, agora ao servi\u00e7o do Chelsea ap\u00f3s uma transfer\u00eancia de 45 milh\u00f5es de euros no \u00faltimo ver\u00e3o, confessou ter cometido erros durante o per\u00edodo em que [&hellip;]<\/p>\n","protected":false},"author":51,"featured_media":159748,"comment_status":"open","ping_status":"open","sticky":false,"template":"","format":"standard","meta":{"footnotes":""},"categories":[22],"tags":[],"class_list":["post-203639","post","type-post","status-publish","format-standard","has-post-thumbnail","hentry","category-futebol"],"acf":[],"_links":{"self":[{"href":"https:\/\/golfm.com.br\/index.php?rest_route=\/wp\/v2\/posts\/203639","targetHints":{"allow":["GET"]}}],"collection":[{"href":"https:\/\/golfm.com.br\/index.php?rest_route=\/wp\/v2\/posts"}],"about":[{"href":"https:\/\/golfm.com.br\/index.php?rest_route=\/wp\/v2\/types\/post"}],"author":[{"embeddable":true,"href":"https:\/\/golfm.com.br\/index.php?rest_route=\/wp\/v2\/users\/51"}],"replies":[{"embeddable":true,"href":"https:\/\/golfm.com.br\/index.php?rest_route=%2Fwp%2Fv2%2Fcomments&post=203639"}],"version-history":[{"count":0,"href":"https:\/\/golfm.com.br\/index.php?rest_route=\/wp\/v2\/posts\/203639\/revisions"}],"wp:featuredmedia":[{"embeddable":true,"href":"https:\/\/golfm.com.br\/index.php?rest_route=\/wp\/v2\/media\/159748"}],"wp:attachment":[{"href":"https:\/\/golfm.com.br\/index.php?rest_route=%2Fwp%2Fv2%2Fmedia&parent=203639"}],"wp:term":[{"taxonomy":"category","embeddable":true,"href":"https:\/\/golfm.com.br\/index.php?rest_route=%2Fwp%2Fv2%2Fcategories&post=203639"},{"taxonomy":"post_tag","embeddable":true,"href":"https:\/\/golfm.com.br\/index.php?rest_route=%2Fwp%2Fv2%2Ftags&post=203639"}],"curies":[{"name":"wp","href":"https:\/\/api.w.org\/{rel}","templated":true}]}}