{"id":203601,"date":"2026-04-10T18:33:13","date_gmt":"2026-04-10T17:33:13","guid":{"rendered":"https:\/\/golo.fm\/?p=203601"},"modified":"2026-04-10T18:33:13","modified_gmt":"2026-04-10T17:33:13","slug":"jovem-defesa-do-benfica-atrai-interesse-de-clubes-franceses","status":"publish","type":"post","link":"https:\/\/golfm.com.br\/jovem-defesa-do-benfica-atrai-interesse-de-clubes-franceses\/","title":{"rendered":"Jovem defesa do Benfica atrai interesse de clubes franceses"},"content":{"rendered":"\n<p>Gon\u00e7alo Oliveira, defesa do Benfica de 19 anos, poder\u00e1 deixar o clube no final da temporada, apesar de ter contrato v\u00e1lido at\u00e9 2028. A informa\u00e7\u00e3o \u00e9 avan\u00e7ada pelo portal franc\u00eas \u201cTop Mercato\u201d, que aponta o interesse de Lens e Estrasburgo, dois clubes da Ligue 1.<\/p>\n\n\n\n<p>O jovem central tem sido uma das figuras da equipa B dos encarnados, orientada por N\u00e9lson Ver\u00edssimo, e tem tamb\u00e9m brilhado na Youth League, onde regista um golo e duas assist\u00eancias em oito jogos.<\/p>\n\n\n\n<p>Apesar de integrar com frequ\u00eancia os treinos da equipa principal e de j\u00e1 ter sido v\u00e1rias vezes convocado, ainda n\u00e3o somou minutos sob as ordens de Jos\u00e9 Mourinho, situa\u00e7\u00e3o que poder\u00e1 pesar numa eventual sa\u00edda.<\/p>\n\n\n\n<p><\/p>\n","protected":false},"excerpt":{"rendered":"<p>Gon\u00e7alo Oliveira, defesa do Benfica de 19 anos, poder\u00e1 deixar o clube no final da temporada, apesar de ter contrato v\u00e1lido at\u00e9 2028. A informa\u00e7\u00e3o \u00e9 avan\u00e7ada pelo portal franc\u00eas \u201cTop Mercato\u201d, que aponta o interesse de Lens e Estrasburgo, dois clubes da Ligue 1. O jovem central tem sido uma das figuras da equipa [&hellip;]<\/p>\n","protected":false},"author":51,"featured_media":203603,"comment_status":"open","ping_status":"open","sticky":false,"template":"","format":"standard","meta":{"footnotes":""},"categories":[22],"tags":[],"class_list":["post-203601","post","type-post","status-publish","format-standard","has-post-thumbnail","hentry","category-futebol"],"acf":[],"_links":{"self":[{"href":"https:\/\/golfm.com.br\/wp-json\/wp\/v2\/posts\/203601","targetHints":{"allow":["GET"]}}],"collection":[{"href":"https:\/\/golfm.com.br\/wp-json\/wp\/v2\/posts"}],"about":[{"href":"https:\/\/golfm.com.br\/wp-json\/wp\/v2\/types\/post"}],"author":[{"embeddable":true,"href":"https:\/\/golfm.com.br\/wp-json\/wp\/v2\/users\/51"}],"replies":[{"embeddable":true,"href":"https:\/\/golfm.com.br\/wp-json\/wp\/v2\/comments?post=203601"}],"version-history":[{"count":0,"href":"https:\/\/golfm.com.br\/wp-json\/wp\/v2\/posts\/203601\/revisions"}],"wp:featuredmedia":[{"embeddable":true,"href":"https:\/\/golfm.com.br\/wp-json\/wp\/v2\/media\/203603"}],"wp:attachment":[{"href":"https:\/\/golfm.com.br\/wp-json\/wp\/v2\/media?parent=203601"}],"wp:term":[{"taxonomy":"category","embeddable":true,"href":"https:\/\/golfm.com.br\/wp-json\/wp\/v2\/categories?post=203601"},{"taxonomy":"post_tag","embeddable":true,"href":"https:\/\/golfm.com.br\/wp-json\/wp\/v2\/tags?post=203601"}],"curies":[{"name":"wp","href":"https:\/\/api.w.org\/{rel}","templated":true}]}}