{"id":203573,"date":"2026-04-10T17:15:17","date_gmt":"2026-04-10T16:15:17","guid":{"rendered":"https:\/\/golo.fm\/?p=203573"},"modified":"2026-04-10T17:15:17","modified_gmt":"2026-04-10T16:15:17","slug":"internacional-ingles-regressa-aos-treinos-e-pode-reforcar-o-arsenal-ate-ao-final-da-epoca","status":"publish","type":"post","link":"https:\/\/golfm.com.br\/internacional-ingles-regressa-aos-treinos-e-pode-reforcar-o-arsenal-ate-ao-final-da-epoca\/","title":{"rendered":"Internacional ingl\u00eas regressa aos treinos e pode refor\u00e7ar o Arsenal at\u00e9 ao final da \u00e9poca"},"content":{"rendered":"\n<p>Eberechi Eze voltou aos treinos do Arsenal esta quinta-feira e poder\u00e1 ser op\u00e7\u00e3o para o encontro frente ao Bournemouth, agendado para s\u00e1bado, \u00e0s 12h30.<\/p>\n\n\n\n<p>O internacional ingl\u00eas, que soma nove golos e seis assist\u00eancias na presente temporada, esteve afastado ap\u00f3s uma les\u00e3o no g\u00e9meo sofrida a 17 de mar\u00e7o. Apesar de se prever uma paragem de pelo menos um m\u00eas, o jogador recuperou mais cedo do que o esperado.<\/p>\n\n\n\n<p>Mikel Arteta destacou a atitude do atleta durante o processo de recupera\u00e7\u00e3o: \u201cN\u00e3o sabia que ele era t\u00e3o determinado, obcecado e disposto a for\u00e7ar o corpo. Eu n\u00e3o conhecia esse lado dele e surpreendeu-me de uma forma muito poderosa o quanto ele ama o futebol. A rea\u00e7\u00e3o dele foi\u2026 Uau\u201d.<\/p>\n\n\n\n<p>Al\u00e9m de Eze, o Arsenal continua a lidar com alguns problemas f\u00edsicos no plantel. Bukayo Saka, Martin Odegaard, Jurrien Timber e Riccardo Calafiori est\u00e3o em d\u00favida, embora o treinador espanhol tenha garantido que \u201calguns deles\u201d dever\u00e3o estar dispon\u00edveis. J\u00e1 Mikel Merino enfrenta uma aus\u00eancia mais prolongada.<\/p>\n\n\n\n<p>L\u00edder da Liga inglesa, o Arsenal prepara-se para receber o Bournemouth antes de defrontar o Sporting, na pr\u00f3xima quarta-feira, \u00e0s 20h00, na segunda m\u00e3o dos quartos de final da Liga dos Campe\u00f5es.<\/p>\n\n\n\n<p><\/p>\n","protected":false},"excerpt":{"rendered":"<p>Eberechi Eze voltou aos treinos do Arsenal esta quinta-feira e poder\u00e1 ser op\u00e7\u00e3o para o encontro frente ao Bournemouth, agendado para s\u00e1bado, \u00e0s 12h30. O internacional ingl\u00eas, que soma nove golos e seis assist\u00eancias na presente temporada, esteve afastado ap\u00f3s uma les\u00e3o no g\u00e9meo sofrida a 17 de mar\u00e7o. Apesar de se prever uma paragem [&hellip;]<\/p>\n","protected":false},"author":51,"featured_media":203576,"comment_status":"open","ping_status":"open","sticky":false,"template":"","format":"standard","meta":{"footnotes":""},"categories":[22],"tags":[],"class_list":["post-203573","post","type-post","status-publish","format-standard","has-post-thumbnail","hentry","category-futebol"],"acf":[],"_links":{"self":[{"href":"https:\/\/golfm.com.br\/wp-json\/wp\/v2\/posts\/203573","targetHints":{"allow":["GET"]}}],"collection":[{"href":"https:\/\/golfm.com.br\/wp-json\/wp\/v2\/posts"}],"about":[{"href":"https:\/\/golfm.com.br\/wp-json\/wp\/v2\/types\/post"}],"author":[{"embeddable":true,"href":"https:\/\/golfm.com.br\/wp-json\/wp\/v2\/users\/51"}],"replies":[{"embeddable":true,"href":"https:\/\/golfm.com.br\/wp-json\/wp\/v2\/comments?post=203573"}],"version-history":[{"count":0,"href":"https:\/\/golfm.com.br\/wp-json\/wp\/v2\/posts\/203573\/revisions"}],"wp:featuredmedia":[{"embeddable":true,"href":"https:\/\/golfm.com.br\/wp-json\/wp\/v2\/media\/203576"}],"wp:attachment":[{"href":"https:\/\/golfm.com.br\/wp-json\/wp\/v2\/media?parent=203573"}],"wp:term":[{"taxonomy":"category","embeddable":true,"href":"https:\/\/golfm.com.br\/wp-json\/wp\/v2\/categories?post=203573"},{"taxonomy":"post_tag","embeddable":true,"href":"https:\/\/golfm.com.br\/wp-json\/wp\/v2\/tags?post=203573"}],"curies":[{"name":"wp","href":"https:\/\/api.w.org\/{rel}","templated":true}]}}