{"id":202651,"date":"2026-04-02T14:49:29","date_gmt":"2026-04-02T13:49:29","guid":{"rendered":"https:\/\/golo.fm\/?p=202651"},"modified":"2026-04-02T14:49:29","modified_gmt":"2026-04-02T13:49:29","slug":"jogador-turco-sonha-com-a-subida-para-o-principal-escalao","status":"publish","type":"post","link":"https:\/\/golfm.com.br\/?p=202651","title":{"rendered":"Jogador Turco sonha com a subida para o principal escal\u00e3o"},"content":{"rendered":"\n<p>Cihan Kahraman tem vivido a sua melhor fase em Portugal ao servi\u00e7o do Acad\u00e9mico de Viseu. O m\u00e9dio turco de 27 anos bisou na vit\u00f3ria sobre o Lusit\u00e2nia de Lourosa (3-0), somando j\u00e1 dez participa\u00e7\u00f5es diretas em golos esta temporada, quatro golos e seis assist\u00eancias.<\/p>\n\n\n\n<p>Kahraman cumpre a terceira \u00e9poca no Fontelo, depois de um in\u00edcio dif\u00edcil. Na sua temporada de estreia, uma grave les\u00e3o no joelho esquerdo obrigou-o a uma cirurgia e afastamento prolongado, impedindo-o de competir em 2023\/24. Na \u00e9poca seguinte, come\u00e7ou a afirmar-se, com 23 jogos, um golo e uma assist\u00eancia, mas foi nesta temporada que assumiu um papel de destaque no meio-campo da equipa orientada por S\u00e9rgio Fonseca.<\/p>\n\n\n\n<p>Com exibi\u00e7\u00f5es consistentes e decisivas, Kahraman tem sido uma pe\u00e7a-chave na caminhada do Acad\u00e9mico de Viseu rumo ao sonho da subida \u00e0 I Liga, consolidando-se como um dos l\u00edderes da equipa dentro de campo.<\/p>\n","protected":false},"excerpt":{"rendered":"<p>Cihan Kahraman tem vivido a sua melhor fase em Portugal ao servi\u00e7o do Acad\u00e9mico de Viseu. O m\u00e9dio turco de 27 anos bisou na vit\u00f3ria sobre o Lusit\u00e2nia de Lourosa (3-0), somando j\u00e1 dez participa\u00e7\u00f5es diretas em golos esta temporada, quatro golos e seis assist\u00eancias. Kahraman cumpre a terceira \u00e9poca no Fontelo, depois de um [&hellip;]<\/p>\n","protected":false},"author":51,"featured_media":202663,"comment_status":"open","ping_status":"open","sticky":false,"template":"","format":"standard","meta":{"footnotes":""},"categories":[22,25],"tags":[],"class_list":["post-202651","post","type-post","status-publish","format-standard","has-post-thumbnail","hentry","category-futebol","category-futebol-nacional"],"acf":[],"_links":{"self":[{"href":"https:\/\/golfm.com.br\/index.php?rest_route=\/wp\/v2\/posts\/202651","targetHints":{"allow":["GET"]}}],"collection":[{"href":"https:\/\/golfm.com.br\/index.php?rest_route=\/wp\/v2\/posts"}],"about":[{"href":"https:\/\/golfm.com.br\/index.php?rest_route=\/wp\/v2\/types\/post"}],"author":[{"embeddable":true,"href":"https:\/\/golfm.com.br\/index.php?rest_route=\/wp\/v2\/users\/51"}],"replies":[{"embeddable":true,"href":"https:\/\/golfm.com.br\/index.php?rest_route=%2Fwp%2Fv2%2Fcomments&post=202651"}],"version-history":[{"count":0,"href":"https:\/\/golfm.com.br\/index.php?rest_route=\/wp\/v2\/posts\/202651\/revisions"}],"wp:featuredmedia":[{"embeddable":true,"href":"https:\/\/golfm.com.br\/index.php?rest_route=\/wp\/v2\/media\/202663"}],"wp:attachment":[{"href":"https:\/\/golfm.com.br\/index.php?rest_route=%2Fwp%2Fv2%2Fmedia&parent=202651"}],"wp:term":[{"taxonomy":"category","embeddable":true,"href":"https:\/\/golfm.com.br\/index.php?rest_route=%2Fwp%2Fv2%2Fcategories&post=202651"},{"taxonomy":"post_tag","embeddable":true,"href":"https:\/\/golfm.com.br\/index.php?rest_route=%2Fwp%2Fv2%2Ftags&post=202651"}],"curies":[{"name":"wp","href":"https:\/\/api.w.org\/{rel}","templated":true}]}}