{"id":202474,"date":"2026-04-01T17:23:40","date_gmt":"2026-04-01T16:23:40","guid":{"rendered":"https:\/\/golo.fm\/?p=202474"},"modified":"2026-04-01T17:23:40","modified_gmt":"2026-04-01T16:23:40","slug":"leoes-limitados-na-preparacao-para-o-santa-clara","status":"publish","type":"post","link":"https:\/\/golfm.com.br\/?p=202474","title":{"rendered":"Le\u00f5es limitados na prepara\u00e7\u00e3o para o Santa Clara"},"content":{"rendered":"\n<p>Rui Borges orientou, esta quarta-feira, mais uma sess\u00e3o de treino do Sporting CP, na Academia Cristiano Ronaldo, numa altura em que a equipa prepara a rece\u00e7\u00e3o ao Santa Clara, agendada para sexta-feira, \u00e0s 20h30, referente \u00e0 28.\u00aa jornada da Liga.<\/p>\n\n\n\n<p>O treino voltou a decorrer com v\u00e1rias limita\u00e7\u00f5es, uma vez que os 12 internacionais ainda n\u00e3o regressaram ao clube ap\u00f3s compromissos pelas respetivas sele\u00e7\u00f5es. A chegada desses jogadores est\u00e1 prevista para as pr\u00f3ximas horas, sendo expect\u00e1vel que possam integrar a sess\u00e3o de quinta-feira, a \u00faltima antes do encontro.<\/p>\n\n\n\n<p>Perante as aus\u00eancias, o t\u00e9cnico leonino voltou a chamar jovens da forma\u00e7\u00e3o, nomeadamente Bruno Ramos, Lucas Anjos, David Moreira e Samuel Justo, para completar o grupo de trabalho.<\/p>\n\n\n\n<p>Entre os internacionais esperados contam-se Rui Silva, Gon\u00e7alo In\u00e1cio, Pote e Trinc\u00e3o, que estiveram ao servi\u00e7o da sele\u00e7\u00e3o portuguesa, bem como Jo\u00e3o Sim\u00f5es (sub-21). Tamb\u00e9m s\u00e3o aguardados Debast (B\u00e9lgica), Diomande (Costa do Marfim), Vagiannidis (Gr\u00e9cia), Maxi Ara\u00fajo (Uruguai), Hjulmand (Dinamarca), Luis Su\u00e1rez (Col\u00f4mbia) e Fresneda (Espanha sub-21).<\/p>\n\n\n\n<p>Os le\u00f5es voltam a treinar na manh\u00e3 de quinta-feira, antes de Rui Borges fazer a antevis\u00e3o ao encontro em confer\u00eancia de imprensa, marcada para as 17h30.<\/p>\n","protected":false},"excerpt":{"rendered":"<p>Rui Borges orientou, esta quarta-feira, mais uma sess\u00e3o de treino do Sporting CP, na Academia Cristiano Ronaldo, numa altura em que a equipa prepara a rece\u00e7\u00e3o ao Santa Clara, agendada para sexta-feira, \u00e0s 20h30, referente \u00e0 28.\u00aa jornada da Liga. O treino voltou a decorrer com v\u00e1rias limita\u00e7\u00f5es, uma vez que os 12 internacionais ainda [&hellip;]<\/p>\n","protected":false},"author":51,"featured_media":200443,"comment_status":"open","ping_status":"open","sticky":false,"template":"","format":"standard","meta":{"footnotes":""},"categories":[22,25],"tags":[],"class_list":["post-202474","post","type-post","status-publish","format-standard","has-post-thumbnail","hentry","category-futebol","category-futebol-nacional"],"acf":[],"_links":{"self":[{"href":"https:\/\/golfm.com.br\/index.php?rest_route=\/wp\/v2\/posts\/202474","targetHints":{"allow":["GET"]}}],"collection":[{"href":"https:\/\/golfm.com.br\/index.php?rest_route=\/wp\/v2\/posts"}],"about":[{"href":"https:\/\/golfm.com.br\/index.php?rest_route=\/wp\/v2\/types\/post"}],"author":[{"embeddable":true,"href":"https:\/\/golfm.com.br\/index.php?rest_route=\/wp\/v2\/users\/51"}],"replies":[{"embeddable":true,"href":"https:\/\/golfm.com.br\/index.php?rest_route=%2Fwp%2Fv2%2Fcomments&post=202474"}],"version-history":[{"count":0,"href":"https:\/\/golfm.com.br\/index.php?rest_route=\/wp\/v2\/posts\/202474\/revisions"}],"wp:featuredmedia":[{"embeddable":true,"href":"https:\/\/golfm.com.br\/index.php?rest_route=\/wp\/v2\/media\/200443"}],"wp:attachment":[{"href":"https:\/\/golfm.com.br\/index.php?rest_route=%2Fwp%2Fv2%2Fmedia&parent=202474"}],"wp:term":[{"taxonomy":"category","embeddable":true,"href":"https:\/\/golfm.com.br\/index.php?rest_route=%2Fwp%2Fv2%2Fcategories&post=202474"},{"taxonomy":"post_tag","embeddable":true,"href":"https:\/\/golfm.com.br\/index.php?rest_route=%2Fwp%2Fv2%2Ftags&post=202474"}],"curies":[{"name":"wp","href":"https:\/\/api.w.org\/{rel}","templated":true}]}}