{"id":202440,"date":"2026-04-01T13:09:25","date_gmt":"2026-04-01T12:09:25","guid":{"rendered":"https:\/\/golo.fm\/?p=202440"},"modified":"2026-04-01T13:09:25","modified_gmt":"2026-04-01T12:09:25","slug":"famalicao-renova-contrato-com-extremo-em-recuperacao","status":"publish","type":"post","link":"https:\/\/golfm.com.br\/?p=202440","title":{"rendered":"Famalic\u00e3o renova contrato com extremo em recupera\u00e7\u00e3o"},"content":{"rendered":"\n<p>O Famalic\u00e3o prolongou o v\u00ednculo com o extremo \u00d3scar Aranda at\u00e9 2028, mesmo em fase de recupera\u00e7\u00e3o de uma les\u00e3o grave. O clube minhoto destacou que a renova\u00e7\u00e3o representa um voto de confian\u00e7a no jogador, que estava em final de contrato.<\/p>\n\n\n\n<p>Aranda mostrou-se satisfeito com o desfecho e reafirmou a liga\u00e7\u00e3o afetiva ao clube. \u00abSinto que o Famalic\u00e3o \u00e9 a minha fam\u00edlia e este prolongamento vai permitir continuar a desfrutar deste ambiente muito afetuoso\u00bb, afirmou o espanhol, acrescentando que pretende regressar aos relvados o quanto antes para contribuir com a equipa.<\/p>\n\n\n\n<p>O extremo garantiu ainda que o seu foco ser\u00e1 proporcionar bons momentos aos adeptos, refor\u00e7ando o compromisso com a institui\u00e7\u00e3o que considera especial.<\/p>\n\n\n\n<p><\/p>\n","protected":false},"excerpt":{"rendered":"<p>O Famalic\u00e3o prolongou o v\u00ednculo com o extremo \u00d3scar Aranda at\u00e9 2028, mesmo em fase de recupera\u00e7\u00e3o de uma les\u00e3o grave. O clube minhoto destacou que a renova\u00e7\u00e3o representa um voto de confian\u00e7a no jogador, que estava em final de contrato. Aranda mostrou-se satisfeito com o desfecho e reafirmou a liga\u00e7\u00e3o afetiva ao clube. \u00abSinto [&hellip;]<\/p>\n","protected":false},"author":50,"featured_media":202443,"comment_status":"open","ping_status":"open","sticky":false,"template":"","format":"standard","meta":{"footnotes":""},"categories":[22,25],"tags":[],"class_list":["post-202440","post","type-post","status-publish","format-standard","has-post-thumbnail","hentry","category-futebol","category-futebol-nacional"],"acf":[],"_links":{"self":[{"href":"https:\/\/golfm.com.br\/index.php?rest_route=\/wp\/v2\/posts\/202440","targetHints":{"allow":["GET"]}}],"collection":[{"href":"https:\/\/golfm.com.br\/index.php?rest_route=\/wp\/v2\/posts"}],"about":[{"href":"https:\/\/golfm.com.br\/index.php?rest_route=\/wp\/v2\/types\/post"}],"author":[{"embeddable":true,"href":"https:\/\/golfm.com.br\/index.php?rest_route=\/wp\/v2\/users\/50"}],"replies":[{"embeddable":true,"href":"https:\/\/golfm.com.br\/index.php?rest_route=%2Fwp%2Fv2%2Fcomments&post=202440"}],"version-history":[{"count":0,"href":"https:\/\/golfm.com.br\/index.php?rest_route=\/wp\/v2\/posts\/202440\/revisions"}],"wp:featuredmedia":[{"embeddable":true,"href":"https:\/\/golfm.com.br\/index.php?rest_route=\/wp\/v2\/media\/202443"}],"wp:attachment":[{"href":"https:\/\/golfm.com.br\/index.php?rest_route=%2Fwp%2Fv2%2Fmedia&parent=202440"}],"wp:term":[{"taxonomy":"category","embeddable":true,"href":"https:\/\/golfm.com.br\/index.php?rest_route=%2Fwp%2Fv2%2Fcategories&post=202440"},{"taxonomy":"post_tag","embeddable":true,"href":"https:\/\/golfm.com.br\/index.php?rest_route=%2Fwp%2Fv2%2Ftags&post=202440"}],"curies":[{"name":"wp","href":"https:\/\/api.w.org\/{rel}","templated":true}]}}