{"id":202419,"date":"2026-04-01T10:37:51","date_gmt":"2026-04-01T09:37:51","guid":{"rendered":"https:\/\/golo.fm\/?p=202419"},"modified":"2026-04-01T10:37:51","modified_gmt":"2026-04-01T09:37:51","slug":"estrela-da-amadora-quer-segurar-extremo-em-final-de-contrato","status":"publish","type":"post","link":"https:\/\/golfm.com.br\/?p=202419","title":{"rendered":"Estrela da Amadora quer segurar extremo em final de contrato"},"content":{"rendered":"\n<p>O Estrela da Amadora j\u00e1 iniciou conversa\u00e7\u00f5es para renovar com Jovane Cabral, cujo contrato termina no final da temporada. O extremo de 27 anos tem sido uma figura importante para a equipa nesta \u00e9poca e a SAD pretende garantir a sua continuidade o mais rapidamente poss\u00edvel.<\/p>\n\n\n\n<p>Com cinco golos apontados ao longo da temporada, o internacional Cabo-Verdiano tem despertado a aten\u00e7\u00e3o dentro e fora do clube. A dire\u00e7\u00e3o liderada por Paulo Lopo pretende fechar o processo antes do ver\u00e3o para evitar surpresas no mercado.<\/p>\n\n\n\n<p>Um dos fatores que aumenta a urg\u00eancia do acordo \u00e9 a prov\u00e1vel presen\u00e7a do jogador no Mundial. Cabo Verde est\u00e1 perto de garantir a participa\u00e7\u00e3o hist\u00f3rica na competi\u00e7\u00e3o, cen\u00e1rio que poder\u00e1 valorizar ainda mais o extremo no mercado internacional.<\/p>\n\n\n\n<p><\/p>\n","protected":false},"excerpt":{"rendered":"<p>O Estrela da Amadora j\u00e1 iniciou conversa\u00e7\u00f5es para renovar com Jovane Cabral, cujo contrato termina no final da temporada. O extremo de 27 anos tem sido uma figura importante para a equipa nesta \u00e9poca e a SAD pretende garantir a sua continuidade o mais rapidamente poss\u00edvel. Com cinco golos apontados ao longo da temporada, o [&hellip;]<\/p>\n","protected":false},"author":50,"featured_media":195868,"comment_status":"open","ping_status":"open","sticky":false,"template":"","format":"standard","meta":{"footnotes":""},"categories":[22,25],"tags":[],"class_list":["post-202419","post","type-post","status-publish","format-standard","has-post-thumbnail","hentry","category-futebol","category-futebol-nacional"],"acf":[],"_links":{"self":[{"href":"https:\/\/golfm.com.br\/index.php?rest_route=\/wp\/v2\/posts\/202419","targetHints":{"allow":["GET"]}}],"collection":[{"href":"https:\/\/golfm.com.br\/index.php?rest_route=\/wp\/v2\/posts"}],"about":[{"href":"https:\/\/golfm.com.br\/index.php?rest_route=\/wp\/v2\/types\/post"}],"author":[{"embeddable":true,"href":"https:\/\/golfm.com.br\/index.php?rest_route=\/wp\/v2\/users\/50"}],"replies":[{"embeddable":true,"href":"https:\/\/golfm.com.br\/index.php?rest_route=%2Fwp%2Fv2%2Fcomments&post=202419"}],"version-history":[{"count":0,"href":"https:\/\/golfm.com.br\/index.php?rest_route=\/wp\/v2\/posts\/202419\/revisions"}],"wp:featuredmedia":[{"embeddable":true,"href":"https:\/\/golfm.com.br\/index.php?rest_route=\/wp\/v2\/media\/195868"}],"wp:attachment":[{"href":"https:\/\/golfm.com.br\/index.php?rest_route=%2Fwp%2Fv2%2Fmedia&parent=202419"}],"wp:term":[{"taxonomy":"category","embeddable":true,"href":"https:\/\/golfm.com.br\/index.php?rest_route=%2Fwp%2Fv2%2Fcategories&post=202419"},{"taxonomy":"post_tag","embeddable":true,"href":"https:\/\/golfm.com.br\/index.php?rest_route=%2Fwp%2Fv2%2Ftags&post=202419"}],"curies":[{"name":"wp","href":"https:\/\/api.w.org\/{rel}","templated":true}]}}