{"id":202412,"date":"2026-04-01T09:57:22","date_gmt":"2026-04-01T08:57:22","guid":{"rendered":"https:\/\/golo.fm\/?p=202412"},"modified":"2026-04-01T09:57:22","modified_gmt":"2026-04-01T08:57:22","slug":"manchester-united-ja-estudou-ao-detalhe-lateral-do-benfica","status":"publish","type":"post","link":"https:\/\/golfm.com.br\/?p=202412","title":{"rendered":"Manchester United j\u00e1 estudou ao detalhe lateral do Benfica"},"content":{"rendered":"\n<p>O Manchester United est\u00e1 atento a Samuel Dahl e j\u00e1 analisou de forma detalhada o lateral-esquerdo do Benfica tendo em vista o pr\u00f3ximo mercado de transfer\u00eancias. O clube ingl\u00eas recolheu informa\u00e7\u00f5es aprofundadas sobre o rendimento, caracter\u00edsticas e evolu\u00e7\u00e3o do jogador sueco.<\/p>\n\n\n\n<p>Os respons\u00e1veis dos red devils realizaram um verdadeiro arquivo sobre o defesa, analisando v\u00e1rios jogos e dados de desempenho ao longo da temporada.<\/p>\n\n\n\n<p>A aten\u00e7\u00e3o do gigante da Premier League pode transformar Dahl num dos nomes quentes do pr\u00f3ximo mercado, numa altura em que o jovem lateral tem vindo a ganhar protagonismo no plantel encarnado e a despertar interesse fora de Portugal.<\/p>\n","protected":false},"excerpt":{"rendered":"<p>O Manchester United est\u00e1 atento a Samuel Dahl e j\u00e1 analisou de forma detalhada o lateral-esquerdo do Benfica tendo em vista o pr\u00f3ximo mercado de transfer\u00eancias. O clube ingl\u00eas recolheu informa\u00e7\u00f5es aprofundadas sobre o rendimento, caracter\u00edsticas e evolu\u00e7\u00e3o do jogador sueco. Os respons\u00e1veis dos red devils realizaram um verdadeiro arquivo sobre o defesa, analisando v\u00e1rios [&hellip;]<\/p>\n","protected":false},"author":50,"featured_media":200750,"comment_status":"open","ping_status":"open","sticky":false,"template":"","format":"standard","meta":{"footnotes":""},"categories":[22,25],"tags":[],"class_list":["post-202412","post","type-post","status-publish","format-standard","has-post-thumbnail","hentry","category-futebol","category-futebol-nacional"],"acf":[],"_links":{"self":[{"href":"https:\/\/golfm.com.br\/index.php?rest_route=\/wp\/v2\/posts\/202412","targetHints":{"allow":["GET"]}}],"collection":[{"href":"https:\/\/golfm.com.br\/index.php?rest_route=\/wp\/v2\/posts"}],"about":[{"href":"https:\/\/golfm.com.br\/index.php?rest_route=\/wp\/v2\/types\/post"}],"author":[{"embeddable":true,"href":"https:\/\/golfm.com.br\/index.php?rest_route=\/wp\/v2\/users\/50"}],"replies":[{"embeddable":true,"href":"https:\/\/golfm.com.br\/index.php?rest_route=%2Fwp%2Fv2%2Fcomments&post=202412"}],"version-history":[{"count":0,"href":"https:\/\/golfm.com.br\/index.php?rest_route=\/wp\/v2\/posts\/202412\/revisions"}],"wp:featuredmedia":[{"embeddable":true,"href":"https:\/\/golfm.com.br\/index.php?rest_route=\/wp\/v2\/media\/200750"}],"wp:attachment":[{"href":"https:\/\/golfm.com.br\/index.php?rest_route=%2Fwp%2Fv2%2Fmedia&parent=202412"}],"wp:term":[{"taxonomy":"category","embeddable":true,"href":"https:\/\/golfm.com.br\/index.php?rest_route=%2Fwp%2Fv2%2Fcategories&post=202412"},{"taxonomy":"post_tag","embeddable":true,"href":"https:\/\/golfm.com.br\/index.php?rest_route=%2Fwp%2Fv2%2Ftags&post=202412"}],"curies":[{"name":"wp","href":"https:\/\/api.w.org\/{rel}","templated":true}]}}