{"id":202350,"date":"2026-03-31T20:21:17","date_gmt":"2026-03-31T19:21:17","guid":{"rendered":"https:\/\/golo.fm\/?p=202350"},"modified":"2026-03-31T20:21:17","modified_gmt":"2026-03-31T19:21:17","slug":"rui-borges-arrasa-e-leva-premio-de-melhor-treinador-da-epoca-24-25","status":"publish","type":"post","link":"https:\/\/golfm.com.br\/?p=202350","title":{"rendered":"Rui Borges arrasa e leva pr\u00e9mio de melhor treinador da \u00e9poca 24\/25"},"content":{"rendered":"\n<p>Rui Borges foi distinguido, esta ter\u00e7a-feira, com o pr\u00e9mio de melhor treinador da \u00e9poca 2024\/2025, atribu\u00eddo pela Federa\u00e7\u00e3o Portuguesa de Futebol.<\/p>\n\n\n\n<p>A entrega da distin\u00e7\u00e3o decorreu em Albufeira, no \u00e2mbito do Congresso da Associa\u00e7\u00e3o Nacional de Treinadores de Futebol, que terminou hoje naquela cidade algarvia. A escolha do t\u00e9cnico, que conquistou a dobradinha ao servi\u00e7o do Sporting CP, foi un\u00e2nime.<\/p>\n\n\n\n<p>Durante a cerim\u00f3nia, o presidente da ANTF, Henrique Calisto, destacou Rui Borges como um exemplo de perseveran\u00e7a no panorama do futebol nacional.<\/p>\n\n\n\n<p>\u201cA carreira de Rui Borges \u00e9 um exemplo para todos: de baixo para cima, com humildade, disponibilidade e car\u00e1cter. Num contexto de cr\u00edtica constante, este reconhecimento torna-se ainda mais justo\u201d, disse.<\/p>\n\n\n\n<p>Na mesma ocasi\u00e3o, foi tamb\u00e9m atribu\u00eddo o Pr\u00e9mio V\u00edtor Oliveira a Domingos Paci\u00eancia, que agradeceu a distin\u00e7\u00e3o atrav\u00e9s de uma mensagem em v\u00eddeo.<\/p>\n\n\n\n<p>\u201c\u00c9 um enorme orgulho receber um pr\u00e9mio com o nome de V\u00edtor Oliveira. Foi um mestre, um l\u00edder e um verdadeiro inspirador, que fez hist\u00f3ria no nosso futebol\u201d, considerou.<\/p>\n\n\n\n<p><\/p>\n","protected":false},"excerpt":{"rendered":"<p>Rui Borges foi distinguido, esta ter\u00e7a-feira, com o pr\u00e9mio de melhor treinador da \u00e9poca 2024\/2025, atribu\u00eddo pela Federa\u00e7\u00e3o Portuguesa de Futebol. A entrega da distin\u00e7\u00e3o decorreu em Albufeira, no \u00e2mbito do Congresso da Associa\u00e7\u00e3o Nacional de Treinadores de Futebol, que terminou hoje naquela cidade algarvia. A escolha do t\u00e9cnico, que conquistou a dobradinha ao servi\u00e7o [&hellip;]<\/p>\n","protected":false},"author":51,"featured_media":195084,"comment_status":"open","ping_status":"open","sticky":false,"template":"","format":"standard","meta":{"footnotes":""},"categories":[22,25],"tags":[],"class_list":["post-202350","post","type-post","status-publish","format-standard","has-post-thumbnail","hentry","category-futebol","category-futebol-nacional"],"acf":[],"_links":{"self":[{"href":"https:\/\/golfm.com.br\/index.php?rest_route=\/wp\/v2\/posts\/202350","targetHints":{"allow":["GET"]}}],"collection":[{"href":"https:\/\/golfm.com.br\/index.php?rest_route=\/wp\/v2\/posts"}],"about":[{"href":"https:\/\/golfm.com.br\/index.php?rest_route=\/wp\/v2\/types\/post"}],"author":[{"embeddable":true,"href":"https:\/\/golfm.com.br\/index.php?rest_route=\/wp\/v2\/users\/51"}],"replies":[{"embeddable":true,"href":"https:\/\/golfm.com.br\/index.php?rest_route=%2Fwp%2Fv2%2Fcomments&post=202350"}],"version-history":[{"count":0,"href":"https:\/\/golfm.com.br\/index.php?rest_route=\/wp\/v2\/posts\/202350\/revisions"}],"wp:featuredmedia":[{"embeddable":true,"href":"https:\/\/golfm.com.br\/index.php?rest_route=\/wp\/v2\/media\/195084"}],"wp:attachment":[{"href":"https:\/\/golfm.com.br\/index.php?rest_route=%2Fwp%2Fv2%2Fmedia&parent=202350"}],"wp:term":[{"taxonomy":"category","embeddable":true,"href":"https:\/\/golfm.com.br\/index.php?rest_route=%2Fwp%2Fv2%2Fcategories&post=202350"},{"taxonomy":"post_tag","embeddable":true,"href":"https:\/\/golfm.com.br\/index.php?rest_route=%2Fwp%2Fv2%2Ftags&post=202350"}],"curies":[{"name":"wp","href":"https:\/\/api.w.org\/{rel}","templated":true}]}}