{"id":202298,"date":"2026-03-31T18:09:18","date_gmt":"2026-03-31T17:09:18","guid":{"rendered":"https:\/\/golo.fm\/?p=202298"},"modified":"2026-03-31T18:09:18","modified_gmt":"2026-03-31T17:09:18","slug":"adjunto-com-passagem-por-fc-porto-e-benfica-reforca-equipa-tecnica-do-vitoria","status":"publish","type":"post","link":"https:\/\/golfm.com.br\/?p=202298","title":{"rendered":"Adjunto com passagem por FC Porto e Benfica refor\u00e7a equipa t\u00e9cnica do Vit\u00f3ria"},"content":{"rendered":"\n<p>O Vit\u00f3ria SC j\u00e1 conta com um novo elemento na equipa t\u00e9cnica liderada por Gil Lameiras. Trata-se de Carlos Soares, treinador de 37 anos que assume fun\u00e7\u00f5es como adjunto e j\u00e1 trabalha com o plantel principal na Academia do clube.<\/p>\n\n\n\n<p>Carlos Soares junta-se a uma estrutura t\u00e9cnica alargada e traz consigo experi\u00eancia acumulada ao longo de v\u00e1rios anos no futebol portugu\u00eas. Iniciou a carreira ainda jovem no Diogo C\u00e3o e passou depois por v\u00e1rios projetos, incluindo a forma\u00e7\u00e3o do FC Porto e dos sub-23 do SL Benfica, al\u00e9m de clubes como o Vila Pouca de Aguiar e o Alves Ro\u00e7adas.<\/p>\n\n\n\n<p>O t\u00e9cnico conta ainda com experi\u00eancia como coordenador t\u00e9cnico na Associa\u00e7\u00e3o de Futebol de Vila Real. Gil Lameiras continua em processo de forma\u00e7\u00e3o, estando a concluir o curso de n\u00edvel III, o que o impede, para j\u00e1, de ser inscrito oficialmente como treinador principal da equipa.<\/p>\n\n\n\n<p><\/p>\n","protected":false},"excerpt":{"rendered":"<p>O Vit\u00f3ria SC j\u00e1 conta com um novo elemento na equipa t\u00e9cnica liderada por Gil Lameiras. Trata-se de Carlos Soares, treinador de 37 anos que assume fun\u00e7\u00f5es como adjunto e j\u00e1 trabalha com o plantel principal na Academia do clube. Carlos Soares junta-se a uma estrutura t\u00e9cnica alargada e traz consigo experi\u00eancia acumulada ao longo [&hellip;]<\/p>\n","protected":false},"author":50,"featured_media":202313,"comment_status":"open","ping_status":"open","sticky":false,"template":"","format":"standard","meta":{"footnotes":""},"categories":[22,25],"tags":[],"class_list":["post-202298","post","type-post","status-publish","format-standard","has-post-thumbnail","hentry","category-futebol","category-futebol-nacional"],"acf":[],"_links":{"self":[{"href":"https:\/\/golfm.com.br\/index.php?rest_route=\/wp\/v2\/posts\/202298","targetHints":{"allow":["GET"]}}],"collection":[{"href":"https:\/\/golfm.com.br\/index.php?rest_route=\/wp\/v2\/posts"}],"about":[{"href":"https:\/\/golfm.com.br\/index.php?rest_route=\/wp\/v2\/types\/post"}],"author":[{"embeddable":true,"href":"https:\/\/golfm.com.br\/index.php?rest_route=\/wp\/v2\/users\/50"}],"replies":[{"embeddable":true,"href":"https:\/\/golfm.com.br\/index.php?rest_route=%2Fwp%2Fv2%2Fcomments&post=202298"}],"version-history":[{"count":0,"href":"https:\/\/golfm.com.br\/index.php?rest_route=\/wp\/v2\/posts\/202298\/revisions"}],"wp:featuredmedia":[{"embeddable":true,"href":"https:\/\/golfm.com.br\/index.php?rest_route=\/wp\/v2\/media\/202313"}],"wp:attachment":[{"href":"https:\/\/golfm.com.br\/index.php?rest_route=%2Fwp%2Fv2%2Fmedia&parent=202298"}],"wp:term":[{"taxonomy":"category","embeddable":true,"href":"https:\/\/golfm.com.br\/index.php?rest_route=%2Fwp%2Fv2%2Fcategories&post=202298"},{"taxonomy":"post_tag","embeddable":true,"href":"https:\/\/golfm.com.br\/index.php?rest_route=%2Fwp%2Fv2%2Ftags&post=202298"}],"curies":[{"name":"wp","href":"https:\/\/api.w.org\/{rel}","templated":true}]}}