{"id":202256,"date":"2026-03-31T13:15:18","date_gmt":"2026-03-31T12:15:18","guid":{"rendered":"https:\/\/golo.fm\/?p=202256"},"modified":"2026-03-31T13:15:18","modified_gmt":"2026-03-31T12:15:18","slug":"fc-famalicao-prolonga-contrato-com-defesa-ate-2030","status":"publish","type":"post","link":"https:\/\/golfm.com.br\/?p=202256","title":{"rendered":"FC Famalic\u00e3o prolonga contrato com defesa at\u00e9 2030"},"content":{"rendered":"\n<p>O FC Famalic\u00e3o garantiu a continuidade de Ibrahima Ba, chegando a acordo para a renova\u00e7\u00e3o do contrato at\u00e9 2030. O defesa, de 20 anos, refor\u00e7a assim a liga\u00e7\u00e3o ao emblema minhoto depois de se afirmar como uma das op\u00e7\u00f5es regulares na equipa principal durante a temporada.<\/p>\n\n\n\n<p>Ba chegou ao clube procedente do Valenciennes FC e come\u00e7ou o percurso nos sub-23, onde se destacou na Liga Revela\u00e7\u00e3o. O crescimento evidenciado nesse escal\u00e3o abriu-lhe as portas da equipa principal, onde se estreou ainda na \u00e9poca passada.<\/p>\n\n\n\n<p>Na presente temporada, o jovem defesa consolidou o seu espa\u00e7o no plantel, acumulando 20 jogos e um golo. O rendimento exibido valeu-lhe tamb\u00e9m reconhecimento individual, tendo sido distinguido em fevereiro como um dos jovens em destaque na Liga Portugal.<\/p>\n\n\n\n<p>Ap\u00f3s a renova\u00e7\u00e3o, o jogador mostrou-se satisfeito por continuar em Famalic\u00e3o, destacando as condi\u00e7\u00f5es oferecidas pelo clube para o seu crescimento e garantindo total empenho para corresponder \u00e0s expectativas dos adeptos.<\/p>\n\n\n\n<p><\/p>\n","protected":false},"excerpt":{"rendered":"<p>O FC Famalic\u00e3o garantiu a continuidade de Ibrahima Ba, chegando a acordo para a renova\u00e7\u00e3o do contrato at\u00e9 2030. O defesa, de 20 anos, refor\u00e7a assim a liga\u00e7\u00e3o ao emblema minhoto depois de se afirmar como uma das op\u00e7\u00f5es regulares na equipa principal durante a temporada. Ba chegou ao clube procedente do Valenciennes FC e [&hellip;]<\/p>\n","protected":false},"author":50,"featured_media":202258,"comment_status":"open","ping_status":"open","sticky":false,"template":"","format":"standard","meta":{"footnotes":""},"categories":[22,25],"tags":[],"class_list":["post-202256","post","type-post","status-publish","format-standard","has-post-thumbnail","hentry","category-futebol","category-futebol-nacional"],"acf":[],"_links":{"self":[{"href":"https:\/\/golfm.com.br\/index.php?rest_route=\/wp\/v2\/posts\/202256","targetHints":{"allow":["GET"]}}],"collection":[{"href":"https:\/\/golfm.com.br\/index.php?rest_route=\/wp\/v2\/posts"}],"about":[{"href":"https:\/\/golfm.com.br\/index.php?rest_route=\/wp\/v2\/types\/post"}],"author":[{"embeddable":true,"href":"https:\/\/golfm.com.br\/index.php?rest_route=\/wp\/v2\/users\/50"}],"replies":[{"embeddable":true,"href":"https:\/\/golfm.com.br\/index.php?rest_route=%2Fwp%2Fv2%2Fcomments&post=202256"}],"version-history":[{"count":0,"href":"https:\/\/golfm.com.br\/index.php?rest_route=\/wp\/v2\/posts\/202256\/revisions"}],"wp:featuredmedia":[{"embeddable":true,"href":"https:\/\/golfm.com.br\/index.php?rest_route=\/wp\/v2\/media\/202258"}],"wp:attachment":[{"href":"https:\/\/golfm.com.br\/index.php?rest_route=%2Fwp%2Fv2%2Fmedia&parent=202256"}],"wp:term":[{"taxonomy":"category","embeddable":true,"href":"https:\/\/golfm.com.br\/index.php?rest_route=%2Fwp%2Fv2%2Fcategories&post=202256"},{"taxonomy":"post_tag","embeddable":true,"href":"https:\/\/golfm.com.br\/index.php?rest_route=%2Fwp%2Fv2%2Ftags&post=202256"}],"curies":[{"name":"wp","href":"https:\/\/api.w.org\/{rel}","templated":true}]}}