{"id":202246,"date":"2026-03-31T01:36:31","date_gmt":"2026-03-31T00:36:31","guid":{"rendered":"https:\/\/golo.fm\/?p=202246"},"modified":"2026-03-31T01:36:31","modified_gmt":"2026-03-31T00:36:31","slug":"arbitro-portugues-a-porta-do-mundial-2026","status":"publish","type":"post","link":"https:\/\/golfm.com.br\/?p=202246","title":{"rendered":"\u00c1rbitro portugu\u00eas \u00e0 porta do Mundial 2026"},"content":{"rendered":"\n<p>Jo\u00e3o Pinheiro participa no est\u00e1gio da UEFA rumo ao Mundial 2026<\/p>\n\n\n\n<p>O \u00e1rbitro portugu\u00eas Jo\u00e3o Pinheiro integrou esta segunda-feira o est\u00e1gio de prepara\u00e7\u00e3o da UEFA destinado a ju\u00edzes europeus, com vista ao Mundial 2026, que decorre em Viareggio, It\u00e1lia, at\u00e9 2 de abril.<\/p>\n\n\n\n<p>O juiz de Braga faz parte do segundo grupo de \u00e1rbitros pr\u00e9-selecionados para a prova e est\u00e1, assim, na corrida para figurar na lista final, cuja divulga\u00e7\u00e3o s\u00f3 ocorrer\u00e1 ap\u00f3s a conclus\u00e3o dos est\u00e1gios. Paralelamente, Andr\u00e9 Narciso est\u00e1 igualmente pr\u00e9-selecionado para atuar como \u00e1rbitro VAR.<\/p>\n\n\n\n<p>Se confirmado na lista final, Jo\u00e3o Pinheiro quebrar\u00e1 um hiato de 12 anos sem \u00e1rbitros de campo portugueses em Mundiais. O \u00faltimo foi Pedro Proen\u00e7a, atualmente presidente da Federa\u00e7\u00e3o Portuguesa de Futebol, que dirigiu tr\u00eas partidas no Mundial de 2014, no Brasil. Desde ent\u00e3o, Artur Soares Dias e Tiago Martins estiveram presentes na R\u00fassia, em 2018, apenas na fun\u00e7\u00e3o de VAR, enquanto h\u00e1 quatro anos n\u00e3o houve qualquer representante portugu\u00eas em campo ou na sala de v\u00eddeo.<\/p>\n\n\n\n<p>O est\u00e1gio conta tamb\u00e9m com a presen\u00e7a do polaco Szymon Marciniak, \u00e1rbitro da final do \u00faltimo Mundial entre Argentina e Fran\u00e7a, que regressa ap\u00f3s recuperar de uma rotura dos ligamentos cruzados do joelho.<\/p>\n","protected":false},"excerpt":{"rendered":"<p>Jo\u00e3o Pinheiro participa no est\u00e1gio da UEFA rumo ao Mundial 2026 O \u00e1rbitro portugu\u00eas Jo\u00e3o Pinheiro integrou esta segunda-feira o est\u00e1gio de prepara\u00e7\u00e3o da UEFA destinado a ju\u00edzes europeus, com vista ao Mundial 2026, que decorre em Viareggio, It\u00e1lia, at\u00e9 2 de abril. O juiz de Braga faz parte do segundo grupo de \u00e1rbitros pr\u00e9-selecionados [&hellip;]<\/p>\n","protected":false},"author":51,"featured_media":202248,"comment_status":"open","ping_status":"open","sticky":false,"template":"","format":"standard","meta":{"footnotes":""},"categories":[22,25],"tags":[],"class_list":["post-202246","post","type-post","status-publish","format-standard","has-post-thumbnail","hentry","category-futebol","category-futebol-nacional"],"acf":[],"_links":{"self":[{"href":"https:\/\/golfm.com.br\/index.php?rest_route=\/wp\/v2\/posts\/202246","targetHints":{"allow":["GET"]}}],"collection":[{"href":"https:\/\/golfm.com.br\/index.php?rest_route=\/wp\/v2\/posts"}],"about":[{"href":"https:\/\/golfm.com.br\/index.php?rest_route=\/wp\/v2\/types\/post"}],"author":[{"embeddable":true,"href":"https:\/\/golfm.com.br\/index.php?rest_route=\/wp\/v2\/users\/51"}],"replies":[{"embeddable":true,"href":"https:\/\/golfm.com.br\/index.php?rest_route=%2Fwp%2Fv2%2Fcomments&post=202246"}],"version-history":[{"count":0,"href":"https:\/\/golfm.com.br\/index.php?rest_route=\/wp\/v2\/posts\/202246\/revisions"}],"wp:featuredmedia":[{"embeddable":true,"href":"https:\/\/golfm.com.br\/index.php?rest_route=\/wp\/v2\/media\/202248"}],"wp:attachment":[{"href":"https:\/\/golfm.com.br\/index.php?rest_route=%2Fwp%2Fv2%2Fmedia&parent=202246"}],"wp:term":[{"taxonomy":"category","embeddable":true,"href":"https:\/\/golfm.com.br\/index.php?rest_route=%2Fwp%2Fv2%2Fcategories&post=202246"},{"taxonomy":"post_tag","embeddable":true,"href":"https:\/\/golfm.com.br\/index.php?rest_route=%2Fwp%2Fv2%2Ftags&post=202246"}],"curies":[{"name":"wp","href":"https:\/\/api.w.org\/{rel}","templated":true}]}}