{"id":202239,"date":"2026-03-31T00:30:53","date_gmt":"2026-03-30T23:30:53","guid":{"rendered":"https:\/\/golo.fm\/?p=202239"},"modified":"2026-03-31T00:30:53","modified_gmt":"2026-03-30T23:30:53","slug":"fc-porto-aposta-no-ouro-da-casa","status":"publish","type":"post","link":"https:\/\/golfm.com.br\/?p=202239","title":{"rendered":"FC Porto aposta no Ouro da casa"},"content":{"rendered":"\n<p>O FC Porto oficializou, esta segunda-feira, a renova\u00e7\u00e3o de contrato com Tiago Silva, m\u00e9dio de 18 anos, que fica agora ligado aos drag\u00f5es at\u00e9 30 de junho de 2031, num v\u00ednculo v\u00e1lido por cinco temporadas e meia.<\/p>\n\n\n\n<p>Formado no clube desde os sete anos, Tiago Silva tem sido apontado como um dos talentos mais promissores do Olival, tendo sido inclusivamente elogiado por Rodrigo Mora como um dos jogadores em maior destaque na forma\u00e7\u00e3o portista.<\/p>\n\n\n\n<p>Na presente \u00e9poca, o jovem m\u00e9dio tem dividido a sua utiliza\u00e7\u00e3o entre a equipa de sub-19 e a equipa B. Na Liga 2, soma um golo em 10 partidas, enquanto, ao servi\u00e7o dos juniores, contabiliza seis golos em 18 encontros.<\/p>\n\n\n\n<p>O jogador j\u00e1 foi tamb\u00e9m chamado a integrar treinos da equipa principal, \u00e0s ordens de Francesco Farioli, refor\u00e7ando o estatuto de aposta para o futuro do clube.<\/p>\n\n\n\n<p>\u201cTenho muitas boas mem\u00f3rias neste clube. Sou eternamente grato por tudo que consegui no FC Porto. Se calhar elegia a recente chamada \u00e0 equipa A no jogo em Braga. Mesmo que tenha ficado na bancada, o facto de estar com a equipa e de poder viver momentos como esses, de passar pelos adeptos, de poder estar com os jogadores e sentir realmente o que \u00e9 que se passa dentro daquele balne\u00e1rio\u2026 Para mim foi o que mais me marcou\u201d, disse o jovem m\u00e9dio, em declara\u00e7\u00f5es divulgadas pelo clube.<\/p>\n\n\n\n<p>\u201c\u00c9 uma exig\u00eancia muito grande treinar com a equipa A, mas tenho aproveitado muito bem. O mister Farioli tem-me ajudado muito, d\u00e1-me muitas dicas e sinto que estou pronto para dar uma boa resposta. Gostava de ser um jogador reconhecido por toda a gente no FC Porto. Esse \u00e9 o meu maior sonho\u201d, concluiu.<\/p>\n","protected":false},"excerpt":{"rendered":"<p>O FC Porto oficializou, esta segunda-feira, a renova\u00e7\u00e3o de contrato com Tiago Silva, m\u00e9dio de 18 anos, que fica agora ligado aos drag\u00f5es at\u00e9 30 de junho de 2031, num v\u00ednculo v\u00e1lido por cinco temporadas e meia. Formado no clube desde os sete anos, Tiago Silva tem sido apontado como um dos talentos mais promissores [&hellip;]<\/p>\n","protected":false},"author":51,"featured_media":202240,"comment_status":"open","ping_status":"open","sticky":false,"template":"","format":"standard","meta":{"footnotes":""},"categories":[22,25],"tags":[],"class_list":["post-202239","post","type-post","status-publish","format-standard","has-post-thumbnail","hentry","category-futebol","category-futebol-nacional"],"acf":[],"_links":{"self":[{"href":"https:\/\/golfm.com.br\/index.php?rest_route=\/wp\/v2\/posts\/202239","targetHints":{"allow":["GET"]}}],"collection":[{"href":"https:\/\/golfm.com.br\/index.php?rest_route=\/wp\/v2\/posts"}],"about":[{"href":"https:\/\/golfm.com.br\/index.php?rest_route=\/wp\/v2\/types\/post"}],"author":[{"embeddable":true,"href":"https:\/\/golfm.com.br\/index.php?rest_route=\/wp\/v2\/users\/51"}],"replies":[{"embeddable":true,"href":"https:\/\/golfm.com.br\/index.php?rest_route=%2Fwp%2Fv2%2Fcomments&post=202239"}],"version-history":[{"count":0,"href":"https:\/\/golfm.com.br\/index.php?rest_route=\/wp\/v2\/posts\/202239\/revisions"}],"wp:featuredmedia":[{"embeddable":true,"href":"https:\/\/golfm.com.br\/index.php?rest_route=\/wp\/v2\/media\/202240"}],"wp:attachment":[{"href":"https:\/\/golfm.com.br\/index.php?rest_route=%2Fwp%2Fv2%2Fmedia&parent=202239"}],"wp:term":[{"taxonomy":"category","embeddable":true,"href":"https:\/\/golfm.com.br\/index.php?rest_route=%2Fwp%2Fv2%2Fcategories&post=202239"},{"taxonomy":"post_tag","embeddable":true,"href":"https:\/\/golfm.com.br\/index.php?rest_route=%2Fwp%2Fv2%2Ftags&post=202239"}],"curies":[{"name":"wp","href":"https:\/\/api.w.org\/{rel}","templated":true}]}}