{"id":202233,"date":"2026-03-31T00:00:43","date_gmt":"2026-03-30T23:00:43","guid":{"rendered":"https:\/\/golo.fm\/?p=202233"},"modified":"2026-03-31T00:00:43","modified_gmt":"2026-03-30T23:00:43","slug":"joao-neves-e-baixa-no-jogo-frente-aos-eua","status":"publish","type":"post","link":"https:\/\/golfm.com.br\/?p=202233","title":{"rendered":"Jo\u00e3o Neves \u00e9 baixa no jogo frente aos EUA"},"content":{"rendered":"\n<p>A Sele\u00e7\u00e3o Nacional de Portugal realizou, esta segunda-feira, o \u00faltimo treino antes do encontro frente aos Estados Unidos, com Jo\u00e3o Neves a ser a \u00fanica aus\u00eancia em trabalho integrado.<\/p>\n\n\n\n<p>O m\u00e9dio do Paris Saint-Germain realizou trabalho espec\u00edfico, numa fase em que tem vindo a lidar com algumas limita\u00e7\u00f5es f\u00edsicas ao longo da temporada.<\/p>\n\n\n\n<p>Por outro lado, Pedro Gon\u00e7alves e Gon\u00e7alo Guedes, que estavam em d\u00favida, treinaram normalmente com o restante grupo, na sess\u00e3o realizada no Mercedes-Benz Stadium, em Atlanta, durante os primeiros 15 minutos abertos \u00e0 comunica\u00e7\u00e3o social.<\/p>\n\n\n\n<p>Portugal defronta os Estados Unidos na madrugada de ter\u00e7a para quarta-feira, \u00e0 meia-noite, num jogo inserido na prepara\u00e7\u00e3o para o Mundial 2026.<\/p>\n","protected":false},"excerpt":{"rendered":"<p>A Sele\u00e7\u00e3o Nacional de Portugal realizou, esta segunda-feira, o \u00faltimo treino antes do encontro frente aos Estados Unidos, com Jo\u00e3o Neves a ser a \u00fanica aus\u00eancia em trabalho integrado. O m\u00e9dio do Paris Saint-Germain realizou trabalho espec\u00edfico, numa fase em que tem vindo a lidar com algumas limita\u00e7\u00f5es f\u00edsicas ao longo da temporada. Por outro [&hellip;]<\/p>\n","protected":false},"author":51,"featured_media":202234,"comment_status":"open","ping_status":"open","sticky":false,"template":"","format":"standard","meta":{"footnotes":""},"categories":[22,25],"tags":[],"class_list":["post-202233","post","type-post","status-publish","format-standard","has-post-thumbnail","hentry","category-futebol","category-futebol-nacional"],"acf":[],"_links":{"self":[{"href":"https:\/\/golfm.com.br\/index.php?rest_route=\/wp\/v2\/posts\/202233","targetHints":{"allow":["GET"]}}],"collection":[{"href":"https:\/\/golfm.com.br\/index.php?rest_route=\/wp\/v2\/posts"}],"about":[{"href":"https:\/\/golfm.com.br\/index.php?rest_route=\/wp\/v2\/types\/post"}],"author":[{"embeddable":true,"href":"https:\/\/golfm.com.br\/index.php?rest_route=\/wp\/v2\/users\/51"}],"replies":[{"embeddable":true,"href":"https:\/\/golfm.com.br\/index.php?rest_route=%2Fwp%2Fv2%2Fcomments&post=202233"}],"version-history":[{"count":0,"href":"https:\/\/golfm.com.br\/index.php?rest_route=\/wp\/v2\/posts\/202233\/revisions"}],"wp:featuredmedia":[{"embeddable":true,"href":"https:\/\/golfm.com.br\/index.php?rest_route=\/wp\/v2\/media\/202234"}],"wp:attachment":[{"href":"https:\/\/golfm.com.br\/index.php?rest_route=%2Fwp%2Fv2%2Fmedia&parent=202233"}],"wp:term":[{"taxonomy":"category","embeddable":true,"href":"https:\/\/golfm.com.br\/index.php?rest_route=%2Fwp%2Fv2%2Fcategories&post=202233"},{"taxonomy":"post_tag","embeddable":true,"href":"https:\/\/golfm.com.br\/index.php?rest_route=%2Fwp%2Fv2%2Ftags&post=202233"}],"curies":[{"name":"wp","href":"https:\/\/api.w.org\/{rel}","templated":true}]}}