{"id":202225,"date":"2026-03-30T20:11:47","date_gmt":"2026-03-30T19:11:47","guid":{"rendered":"https:\/\/golo.fm\/?p=202225"},"modified":"2026-03-30T20:11:47","modified_gmt":"2026-03-30T19:11:47","slug":"anadia-muda-rumo-e-troca-de-treinador","status":"publish","type":"post","link":"https:\/\/golfm.com.br\/?p=202225","title":{"rendered":"Anadia muda rumo e troca de treinador"},"content":{"rendered":"\n<p>O Anadia FC decidiu avan\u00e7ar para uma mudan\u00e7a no comando t\u00e9cnico, com a sa\u00edda de Pedro Alegre ap\u00f3s tr\u00eas anos de liga\u00e7\u00e3o ao clube. Para o seu lugar entra Nuno Pedro, que regressa a uma casa que j\u00e1 conhece bem.<\/p>\n\n\n\n<p>A decis\u00e3o surge numa fase complicada da temporada, com a equipa a ultrapassar dificuldades no Campeonato de Portugal. Atualmente no 12.\u00ba lugar da S\u00e9rie B, o conjunto de Aveiro soma mais derrotas do que vit\u00f3rias e v\u00ea crescer o risco de despromo\u00e7\u00e3o aos distritais.<\/p>\n\n\n\n<p>Perante este cen\u00e1rio, a dire\u00e7\u00e3o optou por uma mudan\u00e7a imediata, apostando em Nuno Pedro para tentar inverter o boato. O t\u00e9cnico, de 44 anos, j\u00e1 orientou o clube no passado e chega com a miss\u00e3o de garantir a perman\u00eancia nesta reta final decisiva da \u00e9poca.<\/p>\n","protected":false},"excerpt":{"rendered":"<p>O Anadia FC decidiu avan\u00e7ar para uma mudan\u00e7a no comando t\u00e9cnico, com a sa\u00edda de Pedro Alegre ap\u00f3s tr\u00eas anos de liga\u00e7\u00e3o ao clube. Para o seu lugar entra Nuno Pedro, que regressa a uma casa que j\u00e1 conhece bem. A decis\u00e3o surge numa fase complicada da temporada, com a equipa a ultrapassar dificuldades no [&hellip;]<\/p>\n","protected":false},"author":50,"featured_media":202227,"comment_status":"open","ping_status":"open","sticky":false,"template":"","format":"standard","meta":{"footnotes":""},"categories":[22,25],"tags":[],"class_list":["post-202225","post","type-post","status-publish","format-standard","has-post-thumbnail","hentry","category-futebol","category-futebol-nacional"],"acf":[],"_links":{"self":[{"href":"https:\/\/golfm.com.br\/index.php?rest_route=\/wp\/v2\/posts\/202225","targetHints":{"allow":["GET"]}}],"collection":[{"href":"https:\/\/golfm.com.br\/index.php?rest_route=\/wp\/v2\/posts"}],"about":[{"href":"https:\/\/golfm.com.br\/index.php?rest_route=\/wp\/v2\/types\/post"}],"author":[{"embeddable":true,"href":"https:\/\/golfm.com.br\/index.php?rest_route=\/wp\/v2\/users\/50"}],"replies":[{"embeddable":true,"href":"https:\/\/golfm.com.br\/index.php?rest_route=%2Fwp%2Fv2%2Fcomments&post=202225"}],"version-history":[{"count":0,"href":"https:\/\/golfm.com.br\/index.php?rest_route=\/wp\/v2\/posts\/202225\/revisions"}],"wp:featuredmedia":[{"embeddable":true,"href":"https:\/\/golfm.com.br\/index.php?rest_route=\/wp\/v2\/media\/202227"}],"wp:attachment":[{"href":"https:\/\/golfm.com.br\/index.php?rest_route=%2Fwp%2Fv2%2Fmedia&parent=202225"}],"wp:term":[{"taxonomy":"category","embeddable":true,"href":"https:\/\/golfm.com.br\/index.php?rest_route=%2Fwp%2Fv2%2Fcategories&post=202225"},{"taxonomy":"post_tag","embeddable":true,"href":"https:\/\/golfm.com.br\/index.php?rest_route=%2Fwp%2Fv2%2Ftags&post=202225"}],"curies":[{"name":"wp","href":"https:\/\/api.w.org\/{rel}","templated":true}]}}