{"id":202199,"date":"2026-03-30T18:53:54","date_gmt":"2026-03-30T17:53:54","guid":{"rendered":"https:\/\/golo.fm\/?p=202199"},"modified":"2026-03-30T18:53:54","modified_gmt":"2026-03-30T17:53:54","slug":"farioli-com-motivos-para-sorrir-boas-noticias-no-treino-do-fc-porto","status":"publish","type":"post","link":"https:\/\/golfm.com.br\/?p=202199","title":{"rendered":"Farioli com motivos para sorrir! Boas not\u00edcias no treino do FC Porto"},"content":{"rendered":"\n<p>Francesco Farioli teve motivos para sorrir nesta segunda-feira no Olival, durante a sess\u00e3o de treino conjunta da equipa principal e da equipa B do FC Porto. A principal novidade foi a evolu\u00e7\u00e3o de Rodrigo Mora, que passou a realizar treino condicionado, ap\u00f3s a les\u00e3o muscular sofrida frente ao Estugarda.<\/p>\n\n\n\n<p>No boletim cl\u00ednico dos drag\u00f5es continuam a constar os nomes de Diogo Costa (em tratamento), Nehu\u00e9n P\u00e9rez (treino condicionado), Luuk de Jong (tratamento e gin\u00e1sio) e Samu (tratamento e gin\u00e1sio).<\/p>\n\n\n\n<p>Al\u00e9m dos lesionados, Farioli n\u00e3o contou com v\u00e1rios internacionais: Jan Bednarek, Jakub Kiwior e Oskar Pietuszewski (Pol\u00f3nia), Victor Froholdt (Dinamarca), Deniz G\u00fcl (Turquia), Pablo Rosario (Rep\u00fablica Dominicana), Zaidu (Nig\u00e9ria), Seko Fofana (Costa do Marfim) e Dominik Prpic (Cro\u00e1cia sub-21).<\/p>\n\n\n\n<p>O FC Porto, l\u00edder da Liga, prepara-se agora para receber o Famalic\u00e3o este s\u00e1bado, \u00e0s 20h30, enquanto a equipa B tem compromisso frente ao Desp. Chaves na segunda-feira, \u00e0s 18h00. As equipas voltam a treinar no Olival j\u00e1 nesta ter\u00e7a-feira.<\/p>\n\n\n\n<p><\/p>\n","protected":false},"excerpt":{"rendered":"<p>Francesco Farioli teve motivos para sorrir nesta segunda-feira no Olival, durante a sess\u00e3o de treino conjunta da equipa principal e da equipa B do FC Porto. A principal novidade foi a evolu\u00e7\u00e3o de Rodrigo Mora, que passou a realizar treino condicionado, ap\u00f3s a les\u00e3o muscular sofrida frente ao Estugarda. No boletim cl\u00ednico dos drag\u00f5es continuam [&hellip;]<\/p>\n","protected":false},"author":51,"featured_media":202202,"comment_status":"open","ping_status":"open","sticky":false,"template":"","format":"standard","meta":{"footnotes":""},"categories":[22,25],"tags":[],"class_list":["post-202199","post","type-post","status-publish","format-standard","has-post-thumbnail","hentry","category-futebol","category-futebol-nacional"],"acf":[],"_links":{"self":[{"href":"https:\/\/golfm.com.br\/index.php?rest_route=\/wp\/v2\/posts\/202199","targetHints":{"allow":["GET"]}}],"collection":[{"href":"https:\/\/golfm.com.br\/index.php?rest_route=\/wp\/v2\/posts"}],"about":[{"href":"https:\/\/golfm.com.br\/index.php?rest_route=\/wp\/v2\/types\/post"}],"author":[{"embeddable":true,"href":"https:\/\/golfm.com.br\/index.php?rest_route=\/wp\/v2\/users\/51"}],"replies":[{"embeddable":true,"href":"https:\/\/golfm.com.br\/index.php?rest_route=%2Fwp%2Fv2%2Fcomments&post=202199"}],"version-history":[{"count":0,"href":"https:\/\/golfm.com.br\/index.php?rest_route=\/wp\/v2\/posts\/202199\/revisions"}],"wp:featuredmedia":[{"embeddable":true,"href":"https:\/\/golfm.com.br\/index.php?rest_route=\/wp\/v2\/media\/202202"}],"wp:attachment":[{"href":"https:\/\/golfm.com.br\/index.php?rest_route=%2Fwp%2Fv2%2Fmedia&parent=202199"}],"wp:term":[{"taxonomy":"category","embeddable":true,"href":"https:\/\/golfm.com.br\/index.php?rest_route=%2Fwp%2Fv2%2Fcategories&post=202199"},{"taxonomy":"post_tag","embeddable":true,"href":"https:\/\/golfm.com.br\/index.php?rest_route=%2Fwp%2Fv2%2Ftags&post=202199"}],"curies":[{"name":"wp","href":"https:\/\/api.w.org\/{rel}","templated":true}]}}