{"id":202180,"date":"2026-03-30T17:37:20","date_gmt":"2026-03-30T16:37:20","guid":{"rendered":"https:\/\/golo.fm\/?p=202180"},"modified":"2026-03-30T17:37:20","modified_gmt":"2026-03-30T16:37:20","slug":"estrela-da-amadora-com-tres-duvidas-para-jogo-na-madeira","status":"publish","type":"post","link":"https:\/\/golfm.com.br\/?p=202180","title":{"rendered":"Estrela da Amadora com tr\u00eas d\u00favidas para jogo na Madeira"},"content":{"rendered":"\n<p>O Estrela da Amadora prepara a viagem \u00e0 Madeira para enfrentar o Nacional, marcada para s\u00e1bado, mas a equipa liderada por Jo\u00e3o Nuno pode ter baixas importantes. Paulo Moreira, Lekovic e Encada est\u00e3o em d\u00favida devido a problemas f\u00edsicos, complicando a prepara\u00e7\u00e3o para o confronto.<\/p>\n\n\n\n<p>O m\u00e9dio portugu\u00eas n\u00e3o participou no \u00faltimo jogo contra a Casa Pia depois de sentir um desconforto frente ao Rio Ave, enquanto o central S\u00e9rvio est\u00e1 parado desde o encontro com o Gil Vicente a 8 de mar\u00e7o. O lateral direito guineense, por sua vez, lesionou-se a 28 de fevereiro frente \u00e0 AVS SAD e ainda n\u00e3o se recuperou totalmente.<\/p>\n\n\n\n<p>O Estrela procura repetir o triunfo da temporada passada no Choupana, quando venceu por 1-0 com golo de Jovane Cabral. Apenas cinco jogadores do plantel atual estariam nesse jogo, incluindo Rodrigo Pinho, Ot\u00e1vio, Paulo Moreira e Issiar Dram\u00e9, refor\u00e7ando a import\u00e2ncia de uma equipa completa para uma visita \u00e0 Madeira.<\/p>\n","protected":false},"excerpt":{"rendered":"<p>O Estrela da Amadora prepara a viagem \u00e0 Madeira para enfrentar o Nacional, marcada para s\u00e1bado, mas a equipa liderada por Jo\u00e3o Nuno pode ter baixas importantes. Paulo Moreira, Lekovic e Encada est\u00e3o em d\u00favida devido a problemas f\u00edsicos, complicando a prepara\u00e7\u00e3o para o confronto. O m\u00e9dio portugu\u00eas n\u00e3o participou no \u00faltimo jogo contra a [&hellip;]<\/p>\n","protected":false},"author":50,"featured_media":202184,"comment_status":"open","ping_status":"open","sticky":false,"template":"","format":"standard","meta":{"footnotes":""},"categories":[22,25],"tags":[],"class_list":["post-202180","post","type-post","status-publish","format-standard","has-post-thumbnail","hentry","category-futebol","category-futebol-nacional"],"acf":[],"_links":{"self":[{"href":"https:\/\/golfm.com.br\/index.php?rest_route=\/wp\/v2\/posts\/202180","targetHints":{"allow":["GET"]}}],"collection":[{"href":"https:\/\/golfm.com.br\/index.php?rest_route=\/wp\/v2\/posts"}],"about":[{"href":"https:\/\/golfm.com.br\/index.php?rest_route=\/wp\/v2\/types\/post"}],"author":[{"embeddable":true,"href":"https:\/\/golfm.com.br\/index.php?rest_route=\/wp\/v2\/users\/50"}],"replies":[{"embeddable":true,"href":"https:\/\/golfm.com.br\/index.php?rest_route=%2Fwp%2Fv2%2Fcomments&post=202180"}],"version-history":[{"count":0,"href":"https:\/\/golfm.com.br\/index.php?rest_route=\/wp\/v2\/posts\/202180\/revisions"}],"wp:featuredmedia":[{"embeddable":true,"href":"https:\/\/golfm.com.br\/index.php?rest_route=\/wp\/v2\/media\/202184"}],"wp:attachment":[{"href":"https:\/\/golfm.com.br\/index.php?rest_route=%2Fwp%2Fv2%2Fmedia&parent=202180"}],"wp:term":[{"taxonomy":"category","embeddable":true,"href":"https:\/\/golfm.com.br\/index.php?rest_route=%2Fwp%2Fv2%2Fcategories&post=202180"},{"taxonomy":"post_tag","embeddable":true,"href":"https:\/\/golfm.com.br\/index.php?rest_route=%2Fwp%2Fv2%2Ftags&post=202180"}],"curies":[{"name":"wp","href":"https:\/\/api.w.org\/{rel}","templated":true}]}}