{"id":202139,"date":"2026-03-30T15:37:46","date_gmt":"2026-03-30T14:37:46","guid":{"rendered":"https:\/\/golo.fm\/?p=202139"},"modified":"2026-03-30T15:37:46","modified_gmt":"2026-03-30T14:37:46","slug":"jovem-talento-luta-para-voltar-ao-protagonismo-no-gil-vicente","status":"publish","type":"post","link":"https:\/\/golfm.com.br\/?p=202139","title":{"rendered":"Jovem talento luta para voltar ao protagonismo no Gil Vicente"},"content":{"rendered":"\n<p>Joelson Fernandes, extremo de 23 anos do Gil Vicente, procura reencontrar o brilho que o destacou no in\u00edcio da \u00e9poca. Contratado esta temporada aos turcos do Hatayspor FT at\u00e9 2029, o internacional pelas camadas jovens de Portugal chegou a ter protagonismo no arranque positivo dos gilistas, mas perdeu espa\u00e7o progressivamente nas escolhas de C\u00e9sar Peixoto desde o in\u00edcio de 2026.<\/p>\n\n\n\n<p>O jogador n\u00e3o atua desde a rece\u00e7\u00e3o ao Benfica, a 2 de mar\u00e7o, jogo que terminou com derrota por 1-2. At\u00e9 agora, Joelson soma um golo e duas assist\u00eancias em 20 partidas, tendo vivido uma estreia promissora ao marcar o segundo golo na vit\u00f3ria sobre o Estoril e permanecer titular em nove encontros consecutivos.<\/p>\n\n\n\n<p>Nos \u00faltimos jogos, o extremo tem ficado atr\u00e1s de Tidjany Tour\u00e9, Agust\u00edn Moreira e Mart\u00edn Fern\u00e1ndez, que regressaram de les\u00f5es e castigo, reduzindo ainda mais as oportunidades de Joelson para mostrar servi\u00e7o e retomar a titularidade na equipa.<\/p>\n\n\n\n<p><\/p>\n","protected":false},"excerpt":{"rendered":"<p>Joelson Fernandes, extremo de 23 anos do Gil Vicente, procura reencontrar o brilho que o destacou no in\u00edcio da \u00e9poca. Contratado esta temporada aos turcos do Hatayspor FT at\u00e9 2029, o internacional pelas camadas jovens de Portugal chegou a ter protagonismo no arranque positivo dos gilistas, mas perdeu espa\u00e7o progressivamente nas escolhas de C\u00e9sar Peixoto [&hellip;]<\/p>\n","protected":false},"author":50,"featured_media":202141,"comment_status":"open","ping_status":"open","sticky":false,"template":"","format":"standard","meta":{"footnotes":""},"categories":[22,25],"tags":[],"class_list":["post-202139","post","type-post","status-publish","format-standard","has-post-thumbnail","hentry","category-futebol","category-futebol-nacional"],"acf":[],"_links":{"self":[{"href":"https:\/\/golfm.com.br\/index.php?rest_route=\/wp\/v2\/posts\/202139","targetHints":{"allow":["GET"]}}],"collection":[{"href":"https:\/\/golfm.com.br\/index.php?rest_route=\/wp\/v2\/posts"}],"about":[{"href":"https:\/\/golfm.com.br\/index.php?rest_route=\/wp\/v2\/types\/post"}],"author":[{"embeddable":true,"href":"https:\/\/golfm.com.br\/index.php?rest_route=\/wp\/v2\/users\/50"}],"replies":[{"embeddable":true,"href":"https:\/\/golfm.com.br\/index.php?rest_route=%2Fwp%2Fv2%2Fcomments&post=202139"}],"version-history":[{"count":0,"href":"https:\/\/golfm.com.br\/index.php?rest_route=\/wp\/v2\/posts\/202139\/revisions"}],"wp:featuredmedia":[{"embeddable":true,"href":"https:\/\/golfm.com.br\/index.php?rest_route=\/wp\/v2\/media\/202141"}],"wp:attachment":[{"href":"https:\/\/golfm.com.br\/index.php?rest_route=%2Fwp%2Fv2%2Fmedia&parent=202139"}],"wp:term":[{"taxonomy":"category","embeddable":true,"href":"https:\/\/golfm.com.br\/index.php?rest_route=%2Fwp%2Fv2%2Fcategories&post=202139"},{"taxonomy":"post_tag","embeddable":true,"href":"https:\/\/golfm.com.br\/index.php?rest_route=%2Fwp%2Fv2%2Ftags&post=202139"}],"curies":[{"name":"wp","href":"https:\/\/api.w.org\/{rel}","templated":true}]}}