{"id":202129,"date":"2026-03-30T15:00:09","date_gmt":"2026-03-30T14:00:09","guid":{"rendered":"https:\/\/golo.fm\/?p=202129"},"modified":"2026-03-30T15:00:09","modified_gmt":"2026-03-30T14:00:09","slug":"benfica-aposta-no-futuro-e-assina-contrato-profissional-com-medio-de-16-anos","status":"publish","type":"post","link":"https:\/\/golfm.com.br\/benfica-aposta-no-futuro-e-assina-contrato-profissional-com-medio-de-16-anos\/","title":{"rendered":"Benfica aposta no futuro e assina contrato profissional com m\u00e9dio de 16 anos"},"content":{"rendered":"\n<p>O Benfica anunciou a assinatura de contrato profissional com o jovem m\u00e9dio Louren\u00e7o Alves, de apenas 16 anos, refor\u00e7ando a aposta do clube na forma\u00e7\u00e3o. O jogador cumpre atualmente a 10.\u00aa temporada ao servi\u00e7o das \u00e1guias e tem sido uma das figuras em destaque nos escal\u00f5es jovens.<\/p>\n\n\n\n<p>Em declara\u00e7\u00f5es \u00e0 BTV, o m\u00e9dio mostrou-se orgulhoso com o novo passo na carreira: \u201cSignifica um voto de confian\u00e7a deste grande clube. Vou continuar a trabalhar como tenho trabalhado e dar tudo por este clube\u201d, afirmou.<\/p>\n\n\n\n<p>Louren\u00e7o Alves integra a equipa de juvenis sub-16 e soma, na presente temporada, 15 jogos e tr\u00eas golos. O jovem destacou ainda a liga\u00e7\u00e3o de longa data ao emblema da Luz, sublinhando a felicidade por continuar a crescer dentro da estrutura do clube.<\/p>\n\n\n\n<p>O grande objetivo, garante, passa por representar a equipa principal do Benfica. \u201cChegar \u00e0 equipa A do Benfica \u00e9 o sonho\u201d, assumiu o m\u00e9dio formado no Seixal.<\/p>\n\n\n\n<p><\/p>\n","protected":false},"excerpt":{"rendered":"<p>O Benfica anunciou a assinatura de contrato profissional com o jovem m\u00e9dio Louren\u00e7o Alves, de apenas 16 anos, refor\u00e7ando a aposta do clube na forma\u00e7\u00e3o. O jogador cumpre atualmente a 10.\u00aa temporada ao servi\u00e7o das \u00e1guias e tem sido uma das figuras em destaque nos escal\u00f5es jovens. Em declara\u00e7\u00f5es \u00e0 BTV, o m\u00e9dio mostrou-se orgulhoso [&hellip;]<\/p>\n","protected":false},"author":50,"featured_media":202131,"comment_status":"open","ping_status":"open","sticky":false,"template":"","format":"standard","meta":{"footnotes":""},"categories":[22,25],"tags":[],"class_list":["post-202129","post","type-post","status-publish","format-standard","has-post-thumbnail","hentry","category-futebol","category-futebol-nacional"],"acf":[],"_links":{"self":[{"href":"https:\/\/golfm.com.br\/wp-json\/wp\/v2\/posts\/202129","targetHints":{"allow":["GET"]}}],"collection":[{"href":"https:\/\/golfm.com.br\/wp-json\/wp\/v2\/posts"}],"about":[{"href":"https:\/\/golfm.com.br\/wp-json\/wp\/v2\/types\/post"}],"author":[{"embeddable":true,"href":"https:\/\/golfm.com.br\/wp-json\/wp\/v2\/users\/50"}],"replies":[{"embeddable":true,"href":"https:\/\/golfm.com.br\/wp-json\/wp\/v2\/comments?post=202129"}],"version-history":[{"count":0,"href":"https:\/\/golfm.com.br\/wp-json\/wp\/v2\/posts\/202129\/revisions"}],"wp:featuredmedia":[{"embeddable":true,"href":"https:\/\/golfm.com.br\/wp-json\/wp\/v2\/media\/202131"}],"wp:attachment":[{"href":"https:\/\/golfm.com.br\/wp-json\/wp\/v2\/media?parent=202129"}],"wp:term":[{"taxonomy":"category","embeddable":true,"href":"https:\/\/golfm.com.br\/wp-json\/wp\/v2\/categories?post=202129"},{"taxonomy":"post_tag","embeddable":true,"href":"https:\/\/golfm.com.br\/wp-json\/wp\/v2\/tags?post=202129"}],"curies":[{"name":"wp","href":"https:\/\/api.w.org\/{rel}","templated":true}]}}