{"id":202083,"date":"2026-03-29T19:30:00","date_gmt":"2026-03-29T18:30:00","guid":{"rendered":"https:\/\/golo.fm\/?p=202083"},"modified":"2026-03-29T19:30:00","modified_gmt":"2026-03-29T18:30:00","slug":"boavista-sad-desce-de-divisao-no-mesmo-dia-em-que-o-clube-formado-pela-claque-garante-a-subida","status":"publish","type":"post","link":"https:\/\/golfm.com.br\/?p=202083","title":{"rendered":"Boavista SAD desce de divis\u00e3o no mesmo dia em que o clube formado pela claque garante a subida"},"content":{"rendered":"\n<p>A Boavista SAD confirmou, este domingo, a descida de divis\u00e3o no principal escal\u00e3o da AF Porto, ao perder, por 2-0, frente ao Lousada, em jogo da 28.\u00aa jornada. A forma\u00e7\u00e3o axadrezada, que ocupa o \u00faltimo lugar com apenas 10 pontos, v\u00ea assim consumada a queda, depois de uma temporada marcada por dificuldades financeiras que impediram a inscri\u00e7\u00e3o nas competi\u00e7\u00f5es nacionais.<\/p>\n\n\n\n<p>No mesmo dia, mas num contexto distinto, o Panteras Negras FC, clube criado esta \u00e9poca por adeptos boavisteiros, celebrou a subida de divis\u00e3o. A equipa venceu o Torr\u00e3o, por 3-0, e garantiu o primeiro lugar na S\u00e9rie 5 da I Divis\u00e3o da AF Porto, correspondente ao quarto escal\u00e3o distrital.<\/p>\n\n\n\n<p>O contraste de resultados sublinha, assim, dois momentos opostos ligados ao universo boavisteiro: por um lado, a queda da SAD nos distritais; por outro, a afirma\u00e7\u00e3o de um novo projeto impulsionado pelos adeptos, que assegura a promo\u00e7\u00e3o logo na \u00e9poca de estreia.<\/p>\n","protected":false},"excerpt":{"rendered":"<p>A Boavista SAD confirmou, este domingo, a descida de divis\u00e3o no principal escal\u00e3o da AF Porto, ao perder, por 2-0, frente ao Lousada, em jogo da 28.\u00aa jornada. A forma\u00e7\u00e3o axadrezada, que ocupa o \u00faltimo lugar com apenas 10 pontos, v\u00ea assim consumada a queda, depois de uma temporada marcada por dificuldades financeiras que impediram [&hellip;]<\/p>\n","protected":false},"author":48,"featured_media":202084,"comment_status":"open","ping_status":"open","sticky":false,"template":"","format":"standard","meta":{"footnotes":""},"categories":[25],"tags":[],"class_list":["post-202083","post","type-post","status-publish","format-standard","has-post-thumbnail","hentry","category-futebol-nacional"],"acf":[],"_links":{"self":[{"href":"https:\/\/golfm.com.br\/index.php?rest_route=\/wp\/v2\/posts\/202083","targetHints":{"allow":["GET"]}}],"collection":[{"href":"https:\/\/golfm.com.br\/index.php?rest_route=\/wp\/v2\/posts"}],"about":[{"href":"https:\/\/golfm.com.br\/index.php?rest_route=\/wp\/v2\/types\/post"}],"author":[{"embeddable":true,"href":"https:\/\/golfm.com.br\/index.php?rest_route=\/wp\/v2\/users\/48"}],"replies":[{"embeddable":true,"href":"https:\/\/golfm.com.br\/index.php?rest_route=%2Fwp%2Fv2%2Fcomments&post=202083"}],"version-history":[{"count":0,"href":"https:\/\/golfm.com.br\/index.php?rest_route=\/wp\/v2\/posts\/202083\/revisions"}],"wp:featuredmedia":[{"embeddable":true,"href":"https:\/\/golfm.com.br\/index.php?rest_route=\/wp\/v2\/media\/202084"}],"wp:attachment":[{"href":"https:\/\/golfm.com.br\/index.php?rest_route=%2Fwp%2Fv2%2Fmedia&parent=202083"}],"wp:term":[{"taxonomy":"category","embeddable":true,"href":"https:\/\/golfm.com.br\/index.php?rest_route=%2Fwp%2Fv2%2Fcategories&post=202083"},{"taxonomy":"post_tag","embeddable":true,"href":"https:\/\/golfm.com.br\/index.php?rest_route=%2Fwp%2Fv2%2Ftags&post=202083"}],"curies":[{"name":"wp","href":"https:\/\/api.w.org\/{rel}","templated":true}]}}