{"id":202077,"date":"2026-03-29T18:00:00","date_gmt":"2026-03-29T17:00:00","guid":{"rendered":"https:\/\/golo.fm\/?p=202077"},"modified":"2026-03-29T18:00:00","modified_gmt":"2026-03-29T17:00:00","slug":"agora-e-oficial-goncalo-feio-assume-comando-tecnico-do-tondela","status":"publish","type":"post","link":"https:\/\/golfm.com.br\/?p=202077","title":{"rendered":"Agora \u00e9 oficial: Gon\u00e7alo Feio assume comando t\u00e9cnico do Tondela"},"content":{"rendered":"\n<p>O Tondela oficializou, este domingo, Gon\u00e7alo Feio como novo treinador, substituindo Cristiano Bacci. O t\u00e9cnico, de 36 anos, assinou at\u00e9 ao final da temporada, com mais uma de op\u00e7\u00e3o, e imediatamente orientou o primeiro treino da equipa, preparando os auriverdes para a visita ao Vit\u00f3ria SC.<\/p>\n\n\n\n<p>Gon\u00e7alo Feio junta-se a Andr\u00e9 Rijo e Pal Arne Johansen na equipa t\u00e9cnica, que mant\u00e9m Nuno Pinto, Tiago Oliveira e V\u00edtor Dimas. O treinador regressa ao activo ap\u00f3s deixar recentemente os polacos do Radomiak Radom, tendo passado ainda por clubes como o L\u00e9gia, no futebol polaco. Franclim Carvalho, Toz\u00e9 Marreco e Ricardo Costa foram tamb\u00e9m ponderados para o cargo antes da escolha final.<\/p>\n\n\n\n<p>O Tondela ocupa atualmente o pen\u00faltimo lugar da Primeira Liga, com apenas 20 pontos, em zona delicada, a dois do Nacional, com um jogo em atraso frente ao Sporting, a ser realizado em Alvalade. <\/p>\n\n\n\n<p>A chegada de Gon\u00e7alo Feio marca, assim, o in\u00edcio de um per\u00edodo crucial para a equipa, que ter\u00e1 de lutar pela perman\u00eancia at\u00e9 ao final da temporada.<\/p>\n\n\n\n<blockquote class=\"twitter-tweet\"><p lang=\"pt\" dir=\"ltr\">\u0262\u1d0f\u0274\u1d04\u0327\u1d00\u029f\u1d0f \ua730\u1d07\u026a\u1d0f \u00e9 o novo treinador do CD Tondela \u270d\ufe0f<a href=\"https:\/\/twitter.com\/hashtag\/S%C3%B3Tondela?src=hash&amp;ref_src=twsrc%5Etfw\" target=\"_blank\" rel=\"noopener noreferrer nofollow\">#S\u00f3Tondela<\/a> <a href=\"https:\/\/twitter.com\/hashtag\/Gon%C3%A7aloFeio?src=hash&amp;ref_src=twsrc%5Etfw\" target=\"_blank\" rel=\"noopener noreferrer nofollow\">#Gon\u00e7aloFeio<\/a> <a href=\"https:\/\/t.co\/gYGbm7BF6U\" target=\"_blank\" rel=\"noopener noreferrer nofollow\">pic.twitter.com\/gYGbm7BF6U<\/a><\/p>&mdash; CD Tondela (@CDTondela1933) <a href=\"https:\/\/twitter.com\/CDTondela1933\/status\/2038292803306877333?ref_src=twsrc%5Etfw\" target=\"_blank\" rel=\"noopener noreferrer nofollow\">March 29, 2026<\/a><\/blockquote> <script async src=\"https:\/\/platform.twitter.com\/widgets.js\" charset=\"utf-8\"><\/script>\n","protected":false},"excerpt":{"rendered":"<p>O Tondela oficializou, este domingo, Gon\u00e7alo Feio como novo treinador, substituindo Cristiano Bacci. O t\u00e9cnico, de 36 anos, assinou at\u00e9 ao final da temporada, com mais uma de op\u00e7\u00e3o, e imediatamente orientou o primeiro treino da equipa, preparando os auriverdes para a visita ao Vit\u00f3ria SC. Gon\u00e7alo Feio junta-se a Andr\u00e9 Rijo e Pal Arne [&hellip;]<\/p>\n","protected":false},"author":48,"featured_media":202078,"comment_status":"open","ping_status":"open","sticky":false,"template":"","format":"standard","meta":{"footnotes":""},"categories":[25],"tags":[],"class_list":["post-202077","post","type-post","status-publish","format-standard","has-post-thumbnail","hentry","category-futebol-nacional"],"acf":[],"_links":{"self":[{"href":"https:\/\/golfm.com.br\/index.php?rest_route=\/wp\/v2\/posts\/202077","targetHints":{"allow":["GET"]}}],"collection":[{"href":"https:\/\/golfm.com.br\/index.php?rest_route=\/wp\/v2\/posts"}],"about":[{"href":"https:\/\/golfm.com.br\/index.php?rest_route=\/wp\/v2\/types\/post"}],"author":[{"embeddable":true,"href":"https:\/\/golfm.com.br\/index.php?rest_route=\/wp\/v2\/users\/48"}],"replies":[{"embeddable":true,"href":"https:\/\/golfm.com.br\/index.php?rest_route=%2Fwp%2Fv2%2Fcomments&post=202077"}],"version-history":[{"count":0,"href":"https:\/\/golfm.com.br\/index.php?rest_route=\/wp\/v2\/posts\/202077\/revisions"}],"wp:featuredmedia":[{"embeddable":true,"href":"https:\/\/golfm.com.br\/index.php?rest_route=\/wp\/v2\/media\/202078"}],"wp:attachment":[{"href":"https:\/\/golfm.com.br\/index.php?rest_route=%2Fwp%2Fv2%2Fmedia&parent=202077"}],"wp:term":[{"taxonomy":"category","embeddable":true,"href":"https:\/\/golfm.com.br\/index.php?rest_route=%2Fwp%2Fv2%2Fcategories&post=202077"},{"taxonomy":"post_tag","embeddable":true,"href":"https:\/\/golfm.com.br\/index.php?rest_route=%2Fwp%2Fv2%2Ftags&post=202077"}],"curies":[{"name":"wp","href":"https:\/\/api.w.org\/{rel}","templated":true}]}}