{"id":202059,"date":"2026-03-29T15:30:00","date_gmt":"2026-03-29T14:30:00","guid":{"rendered":"https:\/\/golo.fm\/?p=202059"},"modified":"2026-03-29T15:30:00","modified_gmt":"2026-03-29T14:30:00","slug":"antonio-silva-e-tomas-araujo-podem-quebrar-jejum-de-30-anos-do-benfica-na-selecao-nacional","status":"publish","type":"post","link":"https:\/\/golfm.com.br\/?p=202059","title":{"rendered":"Ant\u00f3nio Silva e Tom\u00e1s Ara\u00fajo podem quebrar jejum de 30 anos do Benfica na Sele\u00e7\u00e3o Nacional"},"content":{"rendered":"\n<p>Ant\u00f3nio Silva e Tom\u00e1s Ara\u00fajo est\u00e3o na corrida para integrar a defesa de Portugal no pr\u00f3ximo Mundial e podem tornar-se na primeira dupla de centrais do Benfica a marcar presen\u00e7a numa grande competi\u00e7\u00e3o internacional desde 1996.<\/p>\n\n\n\n<p>Ambos foram chamados por Roberto Mart\u00ednez e j\u00e1 somaram minutos recentes pela Sele\u00e7\u00e3o, com Ant\u00f3nio Silva a ser titular frente ao M\u00e9xico e Tom\u00e1s Ara\u00fajo a sair do banco. A concorr\u00eancia, contudo, mant\u00e9m-se elevada, com R\u00faben Dias a assumir papel central na defesa e nomes como Gon\u00e7alo In\u00e1cio e Renato Veiga tamb\u00e9m entre os convocados.<\/p>\n\n\n\n<p>A \u00faltima vez que o Benfica contou com dois centrais numa fase final de uma grande prova foi no Europeu de 1996, em Inglaterra, quando H\u00e9lder Crist\u00f3v\u00e3o e Paulo Madeira integraram a convocat\u00f3ria final. Desde ent\u00e3o, apesar da presen\u00e7a regular de jogadores encarnados em Europeus e Mundiais, o clube nunca voltou a colocar dois defesas-centrais em simult\u00e2neo nesses palcos.<\/p>\n\n\n\n<p>Ao longo do s\u00e9culo XXI, o Benfica teve forte representa\u00e7\u00e3o na Sele\u00e7\u00e3o, como no Euro 2004, mas sem repetir essa dupla no eixo defensivo. Mesmo quando R\u00faben Dias e Ferro foram chamados em conjunto, apenas o primeiro chegou a ser utilizado.<\/p>\n\n\n\n<p>Agora, Ant\u00f3nio Silva e Tom\u00e1s Ara\u00fajo surgem como candidatos a quebrar essa tend\u00eancia, beneficiando da evolu\u00e7\u00e3o recente e da confian\u00e7a demonstrada na equipa encarnada, onde t\u00eam alternado a titularidade com Nicol\u00e1s Otamendi.<\/p>\n\n\n\n<p>Finalmente, segundo o jornal <em>A Bola<\/em>, enquanto o jovem n\u00famero 4 atravessa um processo negocial delicado para renovar contrato, com possibilidade de sa\u00edda no ver\u00e3o, Tom\u00e1s Ara\u00fajo dever\u00e1 permanecer na Luz, pelo menos por mais uma temporada, num contexto em que ambos representam o futuro do setor defensivo das \u00e1guias.<\/p>\n","protected":false},"excerpt":{"rendered":"<p>Ant\u00f3nio Silva e Tom\u00e1s Ara\u00fajo est\u00e3o na corrida para integrar a defesa de Portugal no pr\u00f3ximo Mundial e podem tornar-se na primeira dupla de centrais do Benfica a marcar presen\u00e7a numa grande competi\u00e7\u00e3o internacional desde 1996. Ambos foram chamados por Roberto Mart\u00ednez e j\u00e1 somaram minutos recentes pela Sele\u00e7\u00e3o, com Ant\u00f3nio Silva a ser titular [&hellip;]<\/p>\n","protected":false},"author":48,"featured_media":202060,"comment_status":"open","ping_status":"open","sticky":false,"template":"","format":"standard","meta":{"footnotes":""},"categories":[25],"tags":[],"class_list":["post-202059","post","type-post","status-publish","format-standard","has-post-thumbnail","hentry","category-futebol-nacional"],"acf":[],"_links":{"self":[{"href":"https:\/\/golfm.com.br\/index.php?rest_route=\/wp\/v2\/posts\/202059","targetHints":{"allow":["GET"]}}],"collection":[{"href":"https:\/\/golfm.com.br\/index.php?rest_route=\/wp\/v2\/posts"}],"about":[{"href":"https:\/\/golfm.com.br\/index.php?rest_route=\/wp\/v2\/types\/post"}],"author":[{"embeddable":true,"href":"https:\/\/golfm.com.br\/index.php?rest_route=\/wp\/v2\/users\/48"}],"replies":[{"embeddable":true,"href":"https:\/\/golfm.com.br\/index.php?rest_route=%2Fwp%2Fv2%2Fcomments&post=202059"}],"version-history":[{"count":0,"href":"https:\/\/golfm.com.br\/index.php?rest_route=\/wp\/v2\/posts\/202059\/revisions"}],"wp:featuredmedia":[{"embeddable":true,"href":"https:\/\/golfm.com.br\/index.php?rest_route=\/wp\/v2\/media\/202060"}],"wp:attachment":[{"href":"https:\/\/golfm.com.br\/index.php?rest_route=%2Fwp%2Fv2%2Fmedia&parent=202059"}],"wp:term":[{"taxonomy":"category","embeddable":true,"href":"https:\/\/golfm.com.br\/index.php?rest_route=%2Fwp%2Fv2%2Fcategories&post=202059"},{"taxonomy":"post_tag","embeddable":true,"href":"https:\/\/golfm.com.br\/index.php?rest_route=%2Fwp%2Fv2%2Ftags&post=202059"}],"curies":[{"name":"wp","href":"https:\/\/api.w.org\/{rel}","templated":true}]}}