{"id":202050,"date":"2026-03-29T14:30:00","date_gmt":"2026-03-29T13:30:00","guid":{"rendered":"https:\/\/golo.fm\/?p=202050"},"modified":"2026-03-29T14:30:00","modified_gmt":"2026-03-29T13:30:00","slug":"schjelderup-na-mira-do-barcelona-apos-ganhar-protagonismo-no-benfica","status":"publish","type":"post","link":"https:\/\/golfm.com.br\/?p=202050","title":{"rendered":"Schjelderup na mira do Barcelona ap\u00f3s ganhar protagonismo no Benfica"},"content":{"rendered":"\n<p>O nome de Andreas Schjelderup voltou a ganhar destaque na imprensa espanhola, estando o extremo do Benfica a ser apontado como poss\u00edvel alvo do Barcelona para o pr\u00f3ximo mercado de transfer\u00eancias.<\/p>\n\n\n\n<p>De acordo com o jornal <em>Sport<\/em>, o jogador de 21 anos integra a lista de atletas sob observa\u00e7\u00e3o da estrutura desportiva catal\u00e3, liderada por Deco, que est\u00e1 a avaliar diferentes op\u00e7\u00f5es para refor\u00e7ar o plantel no ver\u00e3o. A publica\u00e7\u00e3o questiona mesmo a possibilidade de o noruegu\u00eas vir a encaixar no perfil pretendido pelos respons\u00e1veis do clube.<\/p>\n\n\n\n<p>Ap\u00f3s uma fase inicial irregular na Luz, marcada por utiliza\u00e7\u00e3o reduzida, Schjelderup tem vindo a afirmar-se progressivamente. O crescimento recente, aliado a exibi\u00e7\u00f5es consistentes, contribuiu para aumentar a visibilidade do extremo, que tem aproveitado oportunidades para demonstrar o seu potencial.<\/p>\n\n\n\n<p>Segundo a mesma fonte, a adapta\u00e7\u00e3o ao modelo de jogo e exig\u00eancias defensivas foi inicialmente um dos pontos de reserva por parte de Jos\u00e9 Mourinho, embora o jogador tenha evolu\u00eddo nesse cap\u00edtulo ao longo da temporada.<\/p>\n\n\n\n<p>O interesse do Barcelona surge tamb\u00e9m numa altura em que o clube catal\u00e3o avalia diferentes cen\u00e1rios para o ataque, incluindo a eventual continuidade de Marcus Rashford. Caso o internacional ingl\u00eas n\u00e3o permane\u00e7a, o nome de Schjelderup poder\u00e1 ganhar maior for\u00e7a entre as alternativas.<\/p>\n\n\n\n<p>Al\u00e9m do impacto no clube, as exibi\u00e7\u00f5es ao servi\u00e7o da sele\u00e7\u00e3o da Noruega t\u00eam contribu\u00eddo para a proje\u00e7\u00e3o do jogador. O compatriota Alexander S\u00f8rloth elogiou recentemente o extremo, destacando a sua personalidade em campo e capacidade de decis\u00e3o.<\/p>\n\n\n\n<p>Entretanto, em Portugal, segundo o jornal <em>A Bola<\/em>, discute-se a possibilidade de o Benfica avan\u00e7ar para a renova\u00e7\u00e3o do contrato do jovem atacante, prolongando a liga\u00e7\u00e3o para al\u00e9m do v\u00ednculo atual, num sinal claro da aposta no seu desenvolvimento.<\/p>\n","protected":false},"excerpt":{"rendered":"<p>O nome de Andreas Schjelderup voltou a ganhar destaque na imprensa espanhola, estando o extremo do Benfica a ser apontado como poss\u00edvel alvo do Barcelona para o pr\u00f3ximo mercado de transfer\u00eancias. De acordo com o jornal Sport, o jogador de 21 anos integra a lista de atletas sob observa\u00e7\u00e3o da estrutura desportiva catal\u00e3, liderada por [&hellip;]<\/p>\n","protected":false},"author":48,"featured_media":202051,"comment_status":"open","ping_status":"open","sticky":false,"template":"","format":"standard","meta":{"footnotes":""},"categories":[25],"tags":[],"class_list":["post-202050","post","type-post","status-publish","format-standard","has-post-thumbnail","hentry","category-futebol-nacional"],"acf":[],"_links":{"self":[{"href":"https:\/\/golfm.com.br\/index.php?rest_route=\/wp\/v2\/posts\/202050","targetHints":{"allow":["GET"]}}],"collection":[{"href":"https:\/\/golfm.com.br\/index.php?rest_route=\/wp\/v2\/posts"}],"about":[{"href":"https:\/\/golfm.com.br\/index.php?rest_route=\/wp\/v2\/types\/post"}],"author":[{"embeddable":true,"href":"https:\/\/golfm.com.br\/index.php?rest_route=\/wp\/v2\/users\/48"}],"replies":[{"embeddable":true,"href":"https:\/\/golfm.com.br\/index.php?rest_route=%2Fwp%2Fv2%2Fcomments&post=202050"}],"version-history":[{"count":0,"href":"https:\/\/golfm.com.br\/index.php?rest_route=\/wp\/v2\/posts\/202050\/revisions"}],"wp:featuredmedia":[{"embeddable":true,"href":"https:\/\/golfm.com.br\/index.php?rest_route=\/wp\/v2\/media\/202051"}],"wp:attachment":[{"href":"https:\/\/golfm.com.br\/index.php?rest_route=%2Fwp%2Fv2%2Fmedia&parent=202050"}],"wp:term":[{"taxonomy":"category","embeddable":true,"href":"https:\/\/golfm.com.br\/index.php?rest_route=%2Fwp%2Fv2%2Fcategories&post=202050"},{"taxonomy":"post_tag","embeddable":true,"href":"https:\/\/golfm.com.br\/index.php?rest_route=%2Fwp%2Fv2%2Ftags&post=202050"}],"curies":[{"name":"wp","href":"https:\/\/api.w.org\/{rel}","templated":true}]}}