{"id":202038,"date":"2026-03-29T12:00:00","date_gmt":"2026-03-29T11:00:00","guid":{"rendered":"https:\/\/golo.fm\/?p=202038"},"modified":"2026-03-29T12:00:00","modified_gmt":"2026-03-29T11:00:00","slug":"river-plate-pondera-avancar-por-otamendi-para-um-eventual-regresso-a-argentina","status":"publish","type":"post","link":"https:\/\/golfm.com.br\/?p=202038","title":{"rendered":"River Plate pondera avan\u00e7ar por Otamendi para um eventual regresso \u00e0 Argentina"},"content":{"rendered":"\n<p>O River Plate est\u00e1 a equacionar avan\u00e7ar para a contrata\u00e7\u00e3o de Nicol\u00e1s Otamendi j\u00e1 no pr\u00f3ximo ver\u00e3o, com o objetivo de assegurar o regresso do defesa-central \u00e0 Argentina, segundo informa\u00e7\u00f5es da imprensa local.<\/p>\n\n\n\n<p>O interesse do clube de Buenos Aires n\u00e3o \u00e9 recente e j\u00e1 tinha sido admitido pelo vice-presidente Ignacio Villarroel. Agora, de acordo com o jornalista Germ\u00e1n Garc\u00eda Grova, os respons\u00e1veis do River pretendem dar um passo em frente, preparando uma abordagem inicial para perceber a disponibilidade do internacional argentino em regressar ao seu pa\u00eds, 16 anos depois de ter sa\u00eddo.<\/p>\n\n\n\n<p>Apesar da possibilidade em cima da mesa, Otamendi, atualmente com 38 anos, tem privilegiado a continuidade no futebol europeu. Ainda assim, o cen\u00e1rio poder\u00e1 sofrer altera\u00e7\u00f5es ap\u00f3s o Mundial de 2026, altura em que o jogador j\u00e1 anunciou a inten\u00e7\u00e3o de abandonar a sele\u00e7\u00e3o da Argentina, o que pode influenciar as decis\u00f5es sobre o futuro.<\/p>\n\n\n\n<p>Recorde-se que o defesa encontra-se vinculado ao Benfica at\u00e9 ao final da presente temporada, sendo uma das figuras mais experientes do plantel encarnado.<\/p>\n","protected":false},"excerpt":{"rendered":"<p>O River Plate est\u00e1 a equacionar avan\u00e7ar para a contrata\u00e7\u00e3o de Nicol\u00e1s Otamendi j\u00e1 no pr\u00f3ximo ver\u00e3o, com o objetivo de assegurar o regresso do defesa-central \u00e0 Argentina, segundo informa\u00e7\u00f5es da imprensa local. O interesse do clube de Buenos Aires n\u00e3o \u00e9 recente e j\u00e1 tinha sido admitido pelo vice-presidente Ignacio Villarroel. Agora, de acordo [&hellip;]<\/p>\n","protected":false},"author":48,"featured_media":202039,"comment_status":"open","ping_status":"open","sticky":false,"template":"","format":"standard","meta":{"footnotes":""},"categories":[25],"tags":[],"class_list":["post-202038","post","type-post","status-publish","format-standard","has-post-thumbnail","hentry","category-futebol-nacional"],"acf":[],"_links":{"self":[{"href":"https:\/\/golfm.com.br\/index.php?rest_route=\/wp\/v2\/posts\/202038","targetHints":{"allow":["GET"]}}],"collection":[{"href":"https:\/\/golfm.com.br\/index.php?rest_route=\/wp\/v2\/posts"}],"about":[{"href":"https:\/\/golfm.com.br\/index.php?rest_route=\/wp\/v2\/types\/post"}],"author":[{"embeddable":true,"href":"https:\/\/golfm.com.br\/index.php?rest_route=\/wp\/v2\/users\/48"}],"replies":[{"embeddable":true,"href":"https:\/\/golfm.com.br\/index.php?rest_route=%2Fwp%2Fv2%2Fcomments&post=202038"}],"version-history":[{"count":0,"href":"https:\/\/golfm.com.br\/index.php?rest_route=\/wp\/v2\/posts\/202038\/revisions"}],"wp:featuredmedia":[{"embeddable":true,"href":"https:\/\/golfm.com.br\/index.php?rest_route=\/wp\/v2\/media\/202039"}],"wp:attachment":[{"href":"https:\/\/golfm.com.br\/index.php?rest_route=%2Fwp%2Fv2%2Fmedia&parent=202038"}],"wp:term":[{"taxonomy":"category","embeddable":true,"href":"https:\/\/golfm.com.br\/index.php?rest_route=%2Fwp%2Fv2%2Fcategories&post=202038"},{"taxonomy":"post_tag","embeddable":true,"href":"https:\/\/golfm.com.br\/index.php?rest_route=%2Fwp%2Fv2%2Ftags&post=202038"}],"curies":[{"name":"wp","href":"https:\/\/api.w.org\/{rel}","templated":true}]}}