{"id":202008,"date":"2026-03-28T21:00:00","date_gmt":"2026-03-28T21:00:00","guid":{"rendered":"https:\/\/golo.fm\/?p=202008"},"modified":"2026-03-28T21:00:00","modified_gmt":"2026-03-28T21:00:00","slug":"goncalo-feio-muito-perto-de-assumir-o-comando-tecnico-do-tondela","status":"publish","type":"post","link":"https:\/\/golfm.com.br\/?p=202008","title":{"rendered":"Gon\u00e7alo Feio muito perto de assumir o comando t\u00e9cnico do Tondela"},"content":{"rendered":"\n<p>O Tondela chegou a acordo com Gon\u00e7alo Feio para assumir o comando t\u00e9cnico da equipa principal, devendo a oficializa\u00e7\u00e3o acontecer ainda este domingo, ap\u00f3s a conclus\u00e3o das negocia\u00e7\u00f5es entre ambas as partes. Segundo o jornal <em>O JOGO<\/em>, o treinador portugu\u00eas, de 36 anos, vai assinar contrato at\u00e9 ao final da \u00e9poca, com mais uma temporada de op\u00e7\u00e3o, e orienta j\u00e1 no domingo a primeira sess\u00e3o de trabalho, tendo em vista a desloca\u00e7\u00e3o ao terreno do Vit\u00f3ria SC.<\/p>\n\n\n\n<p>De acordo com a mesma fonte, as conversa\u00e7\u00f5es entre o clube beir\u00e3o e o t\u00e9cnico decorreram ao longo dos \u00faltimos dias, ficando fechadas este s\u00e1bado, numa reuni\u00e3o onde foram definidos os \u00faltimos detalhes da liga\u00e7\u00e3o. Sem clube desde a sa\u00edda dos polacos do Radomiak Radom, Gon\u00e7alo Feio regressa agora ao ativo para assumir um novo desafio no futebol portugu\u00eas.<\/p>\n\n\n\n<p>Antes da escolha final, a SAD tondelense analisou outras possibilidades para o cargo. Franclim Carvalho, com passagem pelas equipas t\u00e9cnicas de Artur Jorge no Botafogo e no Al-Rayyan, esteve entre os nomes equacionados, tal como Toz\u00e9 Marreco, que acabou por n\u00e3o avan\u00e7ar. Tamb\u00e9m Ricardo Costa, atualmente no Feirense, foi considerado durante o processo.<\/p>\n\n\n\n<p>Gon\u00e7alo Feio, que soma experi\u00eancias recentes no futebol polaco, incluindo uma passagem pelo L\u00e9gia de Vars\u00f3via, sucede a Cristiano Bacci, que deixou o cargo na sequ\u00eancia de um desentendimento com o presidente Gilberto Coimbra. A equipa regressa ao trabalho no domingo, ap\u00f3s per\u00edodo de folga, iniciando a prepara\u00e7\u00e3o para o pr\u00f3ximo compromisso do campeonato.<\/p>\n\n\n\n<p>De notar que o encontro frente ao Vit\u00f3ria SC est\u00e1 marcado para sexta-feira, no Est\u00e1dio D. Afonso Henriques, e ser\u00e1 o primeiro teste do novo treinador, que se torna no terceiro a liderar os auriverdes esta temporada, depois de Ivo Vieira e Cristiano Bacci.<\/p>\n","protected":false},"excerpt":{"rendered":"<p>O Tondela chegou a acordo com Gon\u00e7alo Feio para assumir o comando t\u00e9cnico da equipa principal, devendo a oficializa\u00e7\u00e3o acontecer ainda este domingo, ap\u00f3s a conclus\u00e3o das negocia\u00e7\u00f5es entre ambas as partes. Segundo o jornal O JOGO, o treinador portugu\u00eas, de 36 anos, vai assinar contrato at\u00e9 ao final da \u00e9poca, com mais uma temporada [&hellip;]<\/p>\n","protected":false},"author":48,"featured_media":202009,"comment_status":"open","ping_status":"open","sticky":false,"template":"","format":"standard","meta":{"footnotes":""},"categories":[25],"tags":[],"class_list":["post-202008","post","type-post","status-publish","format-standard","has-post-thumbnail","hentry","category-futebol-nacional"],"acf":[],"_links":{"self":[{"href":"https:\/\/golfm.com.br\/index.php?rest_route=\/wp\/v2\/posts\/202008","targetHints":{"allow":["GET"]}}],"collection":[{"href":"https:\/\/golfm.com.br\/index.php?rest_route=\/wp\/v2\/posts"}],"about":[{"href":"https:\/\/golfm.com.br\/index.php?rest_route=\/wp\/v2\/types\/post"}],"author":[{"embeddable":true,"href":"https:\/\/golfm.com.br\/index.php?rest_route=\/wp\/v2\/users\/48"}],"replies":[{"embeddable":true,"href":"https:\/\/golfm.com.br\/index.php?rest_route=%2Fwp%2Fv2%2Fcomments&post=202008"}],"version-history":[{"count":0,"href":"https:\/\/golfm.com.br\/index.php?rest_route=\/wp\/v2\/posts\/202008\/revisions"}],"wp:featuredmedia":[{"embeddable":true,"href":"https:\/\/golfm.com.br\/index.php?rest_route=\/wp\/v2\/media\/202009"}],"wp:attachment":[{"href":"https:\/\/golfm.com.br\/index.php?rest_route=%2Fwp%2Fv2%2Fmedia&parent=202008"}],"wp:term":[{"taxonomy":"category","embeddable":true,"href":"https:\/\/golfm.com.br\/index.php?rest_route=%2Fwp%2Fv2%2Fcategories&post=202008"},{"taxonomy":"post_tag","embeddable":true,"href":"https:\/\/golfm.com.br\/index.php?rest_route=%2Fwp%2Fv2%2Ftags&post=202008"}],"curies":[{"name":"wp","href":"https:\/\/api.w.org\/{rel}","templated":true}]}}