{"id":201990,"date":"2026-03-28T19:30:00","date_gmt":"2026-03-28T19:30:00","guid":{"rendered":"https:\/\/golo.fm\/?p=201990"},"modified":"2026-03-28T19:30:00","modified_gmt":"2026-03-28T19:30:00","slug":"conselho-de-disciplina-aplica-suspensoes-a-varandas-e-villas-boas-apos-troca-de-acusacoes","status":"publish","type":"post","link":"https:\/\/golfm.com.br\/?p=201990","title":{"rendered":"Conselho de Disciplina aplica suspens\u00f5es a Varandas e Villas-Boas ap\u00f3s troca de acusa\u00e7\u00f5es"},"content":{"rendered":"\n<p>O presidente do Sporting, Frederico Varandas, foi suspenso pelo Conselho de Disciplina da Federa\u00e7\u00e3o Portuguesa de Futebol, por 20 dias, depois de ter dirigido palavras duras ao hom\u00f3logo do FC Porto, Andr\u00e9 Villas-Boas, chamando-lhe &#8220;mentiroso&#8221; e &#8220;cobarde&#8221;, entre outras cr\u00edticas. J\u00e1 o presidente azul e branco tamb\u00e9m foi suspenso por 10 dias, pelas declara\u00e7\u00f5es proferidas no seguimento do Sporting &#8211; FC Porto, da primeira m\u00e3o das meias-finais da Ta\u00e7a de Portugal.<\/p>\n\n\n\n<p>Recorde-se que as declara\u00e7\u00f5es de Varandas surgiram ap\u00f3s o confronto entre Sporting e FC Porto, na primeira m\u00e3o das meias-finais da Prova Rainha, em que o dirigente leonino afirmou que Villas-Boas \u00e9 &#8220;muito pequeno para o clube que governa&#8221; e que estaria &#8220;cheio de medo&#8221; de uma eventual recupera\u00e7\u00e3o do Sporting na tabela, com os le\u00f5es a manterem-se no segundo lugar \u00e0 data.<\/p>\n\n\n\n<p>J\u00e1 na sequ\u00eancia de uma participa\u00e7\u00e3o apresentada pelo Sporting, o Conselho de Disciplina da Federa\u00e7\u00e3o Portuguesa de Futebol decidiu tamb\u00e9m punir Andr\u00e9 Villas-Boas com uma suspens\u00e3o de 10 dias. <\/p>\n\n\n\n<p>De notar que o castigo surge na sequ\u00eancia de declara\u00e7\u00f5es do presidente portista dirigidas a Frederico Varandas, tamb\u00e9m ap\u00f3s o jogo da Ta\u00e7a de Portugal, em Alvalade, no in\u00edcio de mar\u00e7o. Villas-Boas afirmou na altura: &#8220;O presidente do Sporting j\u00e1 chamou de ladr\u00e3o ao presidente da Federa\u00e7\u00e3o, ao Jo\u00e3o Capela e ao Nuno Almeida.&#8221;<\/p>\n","protected":false},"excerpt":{"rendered":"<p>O presidente do Sporting, Frederico Varandas, foi suspenso pelo Conselho de Disciplina da Federa\u00e7\u00e3o Portuguesa de Futebol, por 20 dias, depois de ter dirigido palavras duras ao hom\u00f3logo do FC Porto, Andr\u00e9 Villas-Boas, chamando-lhe &#8220;mentiroso&#8221; e &#8220;cobarde&#8221;, entre outras cr\u00edticas. J\u00e1 o presidente azul e branco tamb\u00e9m foi suspenso por 10 dias, pelas declara\u00e7\u00f5es proferidas [&hellip;]<\/p>\n","protected":false},"author":48,"featured_media":201993,"comment_status":"open","ping_status":"open","sticky":false,"template":"","format":"standard","meta":{"footnotes":""},"categories":[25],"tags":[],"class_list":["post-201990","post","type-post","status-publish","format-standard","has-post-thumbnail","hentry","category-futebol-nacional"],"acf":[],"_links":{"self":[{"href":"https:\/\/golfm.com.br\/index.php?rest_route=\/wp\/v2\/posts\/201990","targetHints":{"allow":["GET"]}}],"collection":[{"href":"https:\/\/golfm.com.br\/index.php?rest_route=\/wp\/v2\/posts"}],"about":[{"href":"https:\/\/golfm.com.br\/index.php?rest_route=\/wp\/v2\/types\/post"}],"author":[{"embeddable":true,"href":"https:\/\/golfm.com.br\/index.php?rest_route=\/wp\/v2\/users\/48"}],"replies":[{"embeddable":true,"href":"https:\/\/golfm.com.br\/index.php?rest_route=%2Fwp%2Fv2%2Fcomments&post=201990"}],"version-history":[{"count":0,"href":"https:\/\/golfm.com.br\/index.php?rest_route=\/wp\/v2\/posts\/201990\/revisions"}],"wp:featuredmedia":[{"embeddable":true,"href":"https:\/\/golfm.com.br\/index.php?rest_route=\/wp\/v2\/media\/201993"}],"wp:attachment":[{"href":"https:\/\/golfm.com.br\/index.php?rest_route=%2Fwp%2Fv2%2Fmedia&parent=201990"}],"wp:term":[{"taxonomy":"category","embeddable":true,"href":"https:\/\/golfm.com.br\/index.php?rest_route=%2Fwp%2Fv2%2Fcategories&post=201990"},{"taxonomy":"post_tag","embeddable":true,"href":"https:\/\/golfm.com.br\/index.php?rest_route=%2Fwp%2Fv2%2Ftags&post=201990"}],"curies":[{"name":"wp","href":"https:\/\/api.w.org\/{rel}","templated":true}]}}