{"id":201922,"date":"2026-03-28T11:00:00","date_gmt":"2026-03-28T11:00:00","guid":{"rendered":"https:\/\/golo.fm\/?p=201922"},"modified":"2026-03-28T11:00:00","modified_gmt":"2026-03-28T11:00:00","slug":"sporting-geovany-quenda-regressa-a-lisboa-apos-tres-meses-de-recuperacao-e-aponta-a-champions-em-londres","status":"publish","type":"post","link":"https:\/\/golfm.com.br\/sporting-geovany-quenda-regressa-a-lisboa-apos-tres-meses-de-recuperacao-e-aponta-a-champions-em-londres\/","title":{"rendered":"Sporting: Geovany Quenda regressa a Lisboa ap\u00f3s tr\u00eas meses de recupera\u00e7\u00e3o e aponta \u00e0 Champions, em Londres"},"content":{"rendered":"\n<p>O jovem extremo Geovany Quenda, de 18 anos, regressa, este s\u00e1bado, a Lisboa depois de cerca de tr\u00eas meses em Londres, onde realizou o processo de recupera\u00e7\u00e3o de uma les\u00e3o grave no p\u00e9 direito, estando previsto que volte aos treinos do Sporting na pr\u00f3xima semana, podendo o reencontro com a competi\u00e7\u00e3o acontecer frente ao Arsenal, a 15 de abril, em jogo da segunda m\u00e3o dos oitavos de final da Liga dos Campe\u00f5es, disputado na capital inglesa.<\/p>\n\n\n\n<p>Depois de um per\u00edodo prolongado longe dos relvados, o jogador concluiu em Inglaterra a fase final da reabilita\u00e7\u00e3o, levada a cabo nas instala\u00e7\u00f5es do Chelsea, em Cobham, na sequ\u00eancia da transfer\u00eancia superior a 50 milh\u00f5es de euros concretizada no final da \u00faltima temporada. A informa\u00e7\u00e3o \u00e9 avan\u00e7ada pelo jornal <em>A Bola<\/em>, que d\u00e1 conta da chegada do internacional jovem a territ\u00f3rio nacional durante este s\u00e1bado.<\/p>\n\n\n\n<p>A les\u00e3o que afastou Quenda da competi\u00e7\u00e3o remonta a 5 de dezembro de 2025, quando, ainda na primeira parte do d\u00e9rbi frente ao Benfica, no Est\u00e1dio da Luz, foi obrigado a sair aos 30 minutos. O encontro, referente \u00e0 13.\u00aa jornada, terminaria empatado (1-1), mas ficaria marcado pelo problema f\u00edsico que viria a afastar o extremo durante v\u00e1rios meses. O diagn\u00f3stico \u2014 fratura do quinto metatarso do p\u00e9 direito \u2014 implicou uma paragem imediata e um plano de recupera\u00e7\u00e3o rigoroso, agora dado como conclu\u00eddo.<\/p>\n\n\n\n<p>Com o processo cl\u00ednico ultrapassado, o regresso aos trabalhos com a equipa principal dos le\u00f5es dever\u00e1 acontecer na pr\u00f3xima ter\u00e7a-feira, altura em que o jogador voltar\u00e1 a integrar as sess\u00f5es sob orienta\u00e7\u00e3o de Rui Borges, numa fase determinante da \u00e9poca para o emblema verde e branco.<\/p>\n\n\n\n<p>No horizonte est\u00e1 desde j\u00e1 um compromisso de elevada exig\u00eancia: a desloca\u00e7\u00e3o a Londres para defrontar o Arsenal, num encontro agendado para 15 de abril, relativo \u00e0 segunda m\u00e3o dos oitavos de final da Liga dos Campe\u00f5es. Caso n\u00e3o surjam limita\u00e7\u00f5es f\u00edsicas de \u00faltima hora, esse poder\u00e1 ser o cen\u00e1rio escolhido para a reintegra\u00e7\u00e3o competitiva do jovem extremo.<\/p>\n\n\n\n<p>Recorde-se que, antes da les\u00e3o, Quenda afirmava-se como uma das pe\u00e7as mais influentes na din\u00e2mica ofensiva do Sporting. Agora, ultrapassado o per\u00edodo de aus\u00eancia, prepara-se para voltar \u00e0s op\u00e7\u00f5es da equipa num momento decisivo da temporada, com a possibilidade de regressar precisamente em solo londrino e numa noite europeia.<\/p>\n","protected":false},"excerpt":{"rendered":"<p>O jovem extremo Geovany Quenda, de 18 anos, regressa, este s\u00e1bado, a Lisboa depois de cerca de tr\u00eas meses em Londres, onde realizou o processo de recupera\u00e7\u00e3o de uma les\u00e3o grave no p\u00e9 direito, estando previsto que volte aos treinos do Sporting na pr\u00f3xima semana, podendo o reencontro com a competi\u00e7\u00e3o acontecer frente ao Arsenal, [&hellip;]<\/p>\n","protected":false},"author":48,"featured_media":201923,"comment_status":"open","ping_status":"open","sticky":false,"template":"","format":"standard","meta":{"footnotes":""},"categories":[25],"tags":[],"class_list":["post-201922","post","type-post","status-publish","format-standard","has-post-thumbnail","hentry","category-futebol-nacional"],"acf":[],"_links":{"self":[{"href":"https:\/\/golfm.com.br\/wp-json\/wp\/v2\/posts\/201922","targetHints":{"allow":["GET"]}}],"collection":[{"href":"https:\/\/golfm.com.br\/wp-json\/wp\/v2\/posts"}],"about":[{"href":"https:\/\/golfm.com.br\/wp-json\/wp\/v2\/types\/post"}],"author":[{"embeddable":true,"href":"https:\/\/golfm.com.br\/wp-json\/wp\/v2\/users\/48"}],"replies":[{"embeddable":true,"href":"https:\/\/golfm.com.br\/wp-json\/wp\/v2\/comments?post=201922"}],"version-history":[{"count":0,"href":"https:\/\/golfm.com.br\/wp-json\/wp\/v2\/posts\/201922\/revisions"}],"wp:featuredmedia":[{"embeddable":true,"href":"https:\/\/golfm.com.br\/wp-json\/wp\/v2\/media\/201923"}],"wp:attachment":[{"href":"https:\/\/golfm.com.br\/wp-json\/wp\/v2\/media?parent=201922"}],"wp:term":[{"taxonomy":"category","embeddable":true,"href":"https:\/\/golfm.com.br\/wp-json\/wp\/v2\/categories?post=201922"},{"taxonomy":"post_tag","embeddable":true,"href":"https:\/\/golfm.com.br\/wp-json\/wp\/v2\/tags?post=201922"}],"curies":[{"name":"wp","href":"https:\/\/api.w.org\/{rel}","templated":true}]}}