{"id":201905,"date":"2026-03-27T22:34:46","date_gmt":"2026-03-27T22:34:46","guid":{"rendered":"https:\/\/golo.fm\/?p=201905"},"modified":"2026-03-27T22:34:46","modified_gmt":"2026-03-27T22:34:46","slug":"presidente-do-sporting-multado-por-provocacao-no-dragao","status":"publish","type":"post","link":"https:\/\/golfm.com.br\/presidente-do-sporting-multado-por-provocacao-no-dragao\/","title":{"rendered":"Presidente do Sporting multado por provoca\u00e7\u00e3o no Drag\u00e3o"},"content":{"rendered":"\n<p>O Conselho de Disciplina da Federa\u00e7\u00e3o Portuguesa de Futebol aplicou uma multa de 460 euros a Frederico Varandas, na sequ\u00eancia de um processo disciplinar aberto ap\u00f3s o cl\u00e1ssico entre FC Porto e Sporting CP, disputado no Est\u00e1dio do Drag\u00e3o, em fevereiro.<\/p>\n\n\n\n<p>A queixa partiu da SAD portista, que acusou o l\u00edder leonino de comportamento provocat\u00f3rio, depois de este ter sido visto a enviar beijos na dire\u00e7\u00e3o de adeptos do FC Porto, numa rea\u00e7\u00e3o \u00e0s provoca\u00e7\u00f5es vindas das bancadas.<\/p>\n\n\n\n<p>O ac\u00f3rd\u00e3o foi divulgado esta sexta-feira, mais de um m\u00eas ap\u00f3s o encontro, que terminou empatado a um golo. O organismo disciplinar considerou procedente a participa\u00e7\u00e3o do FC Porto, embora tenha reconhecido a exist\u00eancia de uma atenuante por provoca\u00e7\u00e3o na decis\u00e3o final.<\/p>\n\n\n\n<p><\/p>\n","protected":false},"excerpt":{"rendered":"<p>O Conselho de Disciplina da Federa\u00e7\u00e3o Portuguesa de Futebol aplicou uma multa de 460 euros a Frederico Varandas, na sequ\u00eancia de um processo disciplinar aberto ap\u00f3s o cl\u00e1ssico entre FC Porto e Sporting CP, disputado no Est\u00e1dio do Drag\u00e3o, em fevereiro. A queixa partiu da SAD portista, que acusou o l\u00edder leonino de comportamento provocat\u00f3rio, [&hellip;]<\/p>\n","protected":false},"author":51,"featured_media":201907,"comment_status":"open","ping_status":"open","sticky":false,"template":"","format":"standard","meta":{"footnotes":""},"categories":[22,25],"tags":[],"class_list":["post-201905","post","type-post","status-publish","format-standard","has-post-thumbnail","hentry","category-futebol","category-futebol-nacional"],"acf":[],"_links":{"self":[{"href":"https:\/\/golfm.com.br\/wp-json\/wp\/v2\/posts\/201905","targetHints":{"allow":["GET"]}}],"collection":[{"href":"https:\/\/golfm.com.br\/wp-json\/wp\/v2\/posts"}],"about":[{"href":"https:\/\/golfm.com.br\/wp-json\/wp\/v2\/types\/post"}],"author":[{"embeddable":true,"href":"https:\/\/golfm.com.br\/wp-json\/wp\/v2\/users\/51"}],"replies":[{"embeddable":true,"href":"https:\/\/golfm.com.br\/wp-json\/wp\/v2\/comments?post=201905"}],"version-history":[{"count":0,"href":"https:\/\/golfm.com.br\/wp-json\/wp\/v2\/posts\/201905\/revisions"}],"wp:featuredmedia":[{"embeddable":true,"href":"https:\/\/golfm.com.br\/wp-json\/wp\/v2\/media\/201907"}],"wp:attachment":[{"href":"https:\/\/golfm.com.br\/wp-json\/wp\/v2\/media?parent=201905"}],"wp:term":[{"taxonomy":"category","embeddable":true,"href":"https:\/\/golfm.com.br\/wp-json\/wp\/v2\/categories?post=201905"},{"taxonomy":"post_tag","embeddable":true,"href":"https:\/\/golfm.com.br\/wp-json\/wp\/v2\/tags?post=201905"}],"curies":[{"name":"wp","href":"https:\/\/api.w.org\/{rel}","templated":true}]}}