{"id":201875,"date":"2026-03-27T21:04:40","date_gmt":"2026-03-27T21:04:40","guid":{"rendered":"https:\/\/golo.fm\/?p=201875"},"modified":"2026-03-27T21:04:40","modified_gmt":"2026-03-27T21:04:40","slug":"castigos-confirmados-disciplina-rejeita-recursos-e-arouca-e-benfica-apos-polemica-final","status":"publish","type":"post","link":"https:\/\/golfm.com.br\/castigos-confirmados-disciplina-rejeita-recursos-e-arouca-e-benfica-apos-polemica-final\/","title":{"rendered":"Castigos confirmados! Federa\u00e7\u00e3o rejeita recursos de Arouca e Benfica ap\u00f3s pol\u00e9mica final"},"content":{"rendered":"\n<p>O Conselho de Disciplina da Federa\u00e7\u00e3o Portuguesa de Futebol indeferiu os recursos apresentados por Arouca e Benfica relativamente aos incidentes protagonizados por Trezza e Dedic nos instantes finais do encontro da 26.\u00aa jornada, que terminou com vit\u00f3ria das \u00e1guias por 2-1.<\/p>\n\n\n\n<p>Desta forma, o avan\u00e7ado do Arouca foi sancionado com uma multa de 250 euros e ir\u00e1 cumprir suspens\u00e3o nos jogos frente a Estoril e Sporting de Braga. J\u00e1 Dedic foi castigado com uma coima de 1530 euros, ficando de fora das partidas diante de Casa Pia e Nacional.<\/p>\n\n\n\n<p>Recorde-se ainda que o Benfica foi anteriormente punido com uma multa pr\u00f3xima dos 20 mil euros, na sequ\u00eancia dos danos registados no est\u00e1dio de Arouca.<\/p>\n\n\n\n<p><\/p>\n","protected":false},"excerpt":{"rendered":"<p>O Conselho de Disciplina da Federa\u00e7\u00e3o Portuguesa de Futebol indeferiu os recursos apresentados por Arouca e Benfica relativamente aos incidentes protagonizados por Trezza e Dedic nos instantes finais do encontro da 26.\u00aa jornada, que terminou com vit\u00f3ria das \u00e1guias por 2-1. Desta forma, o avan\u00e7ado do Arouca foi sancionado com uma multa de 250 euros [&hellip;]<\/p>\n","protected":false},"author":51,"featured_media":201879,"comment_status":"open","ping_status":"open","sticky":false,"template":"","format":"standard","meta":{"footnotes":""},"categories":[22,25],"tags":[],"class_list":["post-201875","post","type-post","status-publish","format-standard","has-post-thumbnail","hentry","category-futebol","category-futebol-nacional"],"acf":[],"_links":{"self":[{"href":"https:\/\/golfm.com.br\/wp-json\/wp\/v2\/posts\/201875","targetHints":{"allow":["GET"]}}],"collection":[{"href":"https:\/\/golfm.com.br\/wp-json\/wp\/v2\/posts"}],"about":[{"href":"https:\/\/golfm.com.br\/wp-json\/wp\/v2\/types\/post"}],"author":[{"embeddable":true,"href":"https:\/\/golfm.com.br\/wp-json\/wp\/v2\/users\/51"}],"replies":[{"embeddable":true,"href":"https:\/\/golfm.com.br\/wp-json\/wp\/v2\/comments?post=201875"}],"version-history":[{"count":0,"href":"https:\/\/golfm.com.br\/wp-json\/wp\/v2\/posts\/201875\/revisions"}],"wp:featuredmedia":[{"embeddable":true,"href":"https:\/\/golfm.com.br\/wp-json\/wp\/v2\/media\/201879"}],"wp:attachment":[{"href":"https:\/\/golfm.com.br\/wp-json\/wp\/v2\/media?parent=201875"}],"wp:term":[{"taxonomy":"category","embeddable":true,"href":"https:\/\/golfm.com.br\/wp-json\/wp\/v2\/categories?post=201875"},{"taxonomy":"post_tag","embeddable":true,"href":"https:\/\/golfm.com.br\/wp-json\/wp\/v2\/tags?post=201875"}],"curies":[{"name":"wp","href":"https:\/\/api.w.org\/{rel}","templated":true}]}}